 {"id":4438,"date":"2025-09-22T10:46:27","date_gmt":"2025-09-22T08:46:27","guid":{"rendered":"https:\/\/www.josepoms.com\/el-claver-recupera-el-titulo-en-la-liga-escolar-adejo-que-cierra-con-exito-su-11a-edicion\/"},"modified":"2025-09-22T10:46:27","modified_gmt":"2025-09-22T08:46:27","slug":"el-claver-recupera-el-titulo-en-la-liga-escolar-adejo-que-cierra-con-exito-su-11a-edicion","status":"publish","type":"post","link":"https:\/\/www.josepoms.com\/es\/el-claver-recupera-el-titulo-en-la-liga-escolar-adejo-que-cierra-con-exito-su-11a-edicion\/","title":{"rendered":"El Claver recupera el t\u00edtulo en la Liga Escolar ADEJO, que cierra con \u00e9xito su 11\u00aa edici\u00f3n"},"content":{"rendered":"\n<ul class=\"wp-block-list\">\n<li><strong>Supera el Parc del Saladar A, campe\u00f3n el a\u00f1o pasado , por solo 6 puntos.<\/strong><\/li>\n<\/ul>\n\n<p>La und\u00e9cima edici\u00f3n de la Liga Escolar de Ajedrez ADEJO lleg\u00f3 el pasado viernes a su final y lo hizo con una lucida jornada de clausura celebrada en la Escuela Ciutat Jard\u00ed, tras la cual se coron\u00f3 como campe\u00f3n el equipo del Claver, que repite un t\u00edtulo que ya logr\u00f3 en 2023.<\/p>\n\n<p>Este equipo se ha mantenido al frente de la clasificaci\u00f3n durante casi todo el campeonato, manteniendo una disputada pelea con el Parc del Saladar A, que era el vigente campe\u00f3n de la competici\u00f3n. En la \u00faltima jornada, el Claver confirm\u00f3 su posici\u00f3n l\u00edder, llev\u00e1ndose el t\u00edtulo con 86 puntos por delante del Parc del Saladar A, segundo clasificado con 80 puntos, y del Sant Isidre de Montoliu, tercero con 67. Al finalizar la competici\u00f3n, el equipo ganador recibi\u00f3 el trofeo que le acredita como nuevo campo.  <\/p>\n\n<p>El m\u00e1ximo responsable de ADEJO y de la Liga, Josep Oms, junto con su equipo, valoraron muy positivamente el hecho de que, en su und\u00e9cima edici\u00f3n, sigue manteniendo un r\u00e9cord de participantes y ha disfrutado de un muy buen ambiente, por lo que su continuidad est\u00e1 garantizada.<br\/><\/p>\n\n<p>La XI Liga Escolar de Ajedrez ADEJO ha constado de cinco jornadas que han tenido como escenarios diferentes centros escolares de Lleida: la Escuela La Mitjana, la Escuela Pa\u00efsos Catalans, la Escuela Joc de la Bola, la Escuela Parc del Saladar y la Escuela Ciutat Jard\u00ed, que fue el escenario de la clausura. Las jornadas se han disputado siempre los viernes por la tarde, de 18:00 a 19:30 horas, para no interferir en el desarrollo de las competiciones escolares de otros deportes, que se celebran los s\u00e1bados por la ma\u00f1ana.<\/p>\n\n<p>Por detr\u00e1s de los tres primeros, en la clasificaci\u00f3n aparecen, por este orden, L\u2019Espiga A, Pa\u00efsos Catalans A, Lestonnac, Parc del Saladar B, Ciutat Jard\u00ed, Parc de l\u2019Aigua A, Espiga B, La Mitjana A, Sagrada Fam\u00edlia A, Joc de la Bola A, Joc de la Bola B, Pa\u00efsos Catalans B, Parc del Saladar C, Francesco Tonucci, Pa\u00efsos Catalans D, Claver B i Parc del Saladar D, Espiga C, Parc de l\u2019Aigua B, Maristes, Pa\u00efsos Catalans C, La Mitjana B y Arabell.<\/p>\n\n<figure class=\"wp-block-gallery has-nested-images columns-default is-cropped wp-block-gallery-1 is-layout-flex wp-block-gallery-is-layout-flex\">\n<figure class=\"wp-block-image size-large\"><img loading=\"lazy\" decoding=\"async\" width=\"1030\" height=\"740\" data-id=\"4352\" src=\"https:\/\/www.josepoms.com\/wp-content\/uploads\/2025\/05\/Equip-Claver-1030x740.jpeg\" alt=\"\" class=\"wp-image-4352\" srcset=\"https:\/\/www.josepoms.com\/wp-content\/uploads\/2025\/05\/Equip-Claver-1030x740.jpeg 1030w, https:\/\/www.josepoms.com\/wp-content\/uploads\/2025\/05\/Equip-Claver-300x216.jpeg 300w, https:\/\/www.josepoms.com\/wp-content\/uploads\/2025\/05\/Equip-Claver-768x552.jpeg 768w, https:\/\/www.josepoms.com\/wp-content\/uploads\/2025\/05\/Equip-Claver-1536x1104.jpeg 1536w, https:\/\/www.josepoms.com\/wp-content\/uploads\/2025\/05\/Equip-Claver-100x72.jpeg 100w, https:\/\/www.josepoms.com\/wp-content\/uploads\/2025\/05\/Equip-Claver-862x620.jpeg 862w, https:\/\/www.josepoms.com\/wp-content\/uploads\/2025\/05\/Equip-Claver-1200x863.jpeg 1200w, https:\/\/www.josepoms.com\/wp-content\/uploads\/2025\/05\/Equip-Claver.jpeg 2048w\" sizes=\"auto, (max-width: 1030px) 100vw, 1030px\" \/><\/figure>\n\n\n\n<figure class=\"wp-block-image size-large\"><img loading=\"lazy\" decoding=\"async\" width=\"1030\" height=\"799\" data-id=\"4354\" src=\"https:\/\/www.josepoms.com\/wp-content\/uploads\/2025\/05\/Equip-Parc-del-Saladar-A-1030x799.jpeg\" alt=\"\" class=\"wp-image-4354\" srcset=\"https:\/\/www.josepoms.com\/wp-content\/uploads\/2025\/05\/Equip-Parc-del-Saladar-A-1030x799.jpeg 1030w, https:\/\/www.josepoms.com\/wp-content\/uploads\/2025\/05\/Equip-Parc-del-Saladar-A-300x233.jpeg 300w, https:\/\/www.josepoms.com\/wp-content\/uploads\/2025\/05\/Equip-Parc-del-Saladar-A-768x596.jpeg 768w, https:\/\/www.josepoms.com\/wp-content\/uploads\/2025\/05\/Equip-Parc-del-Saladar-A-1536x1191.jpeg 1536w, https:\/\/www.josepoms.com\/wp-content\/uploads\/2025\/05\/Equip-Parc-del-Saladar-A-100x78.jpeg 100w, https:\/\/www.josepoms.com\/wp-content\/uploads\/2025\/05\/Equip-Parc-del-Saladar-A-862x668.jpeg 862w, https:\/\/www.josepoms.com\/wp-content\/uploads\/2025\/05\/Equip-Parc-del-Saladar-A-1200x930.jpeg 1200w, https:\/\/www.josepoms.com\/wp-content\/uploads\/2025\/05\/Equip-Parc-del-Saladar-A.jpeg 2048w\" sizes=\"auto, (max-width: 1030px) 100vw, 1030px\" \/><\/figure>\n\n\n\n<figure class=\"wp-block-image size-large\"><img loading=\"lazy\" decoding=\"async\" width=\"1030\" height=\"876\" data-id=\"4356\" src=\"https:\/\/www.josepoms.com\/wp-content\/uploads\/2025\/05\/Equip-Sant-Isidre-de-Montoliu-1030x876.jpeg\" alt=\"\" class=\"wp-image-4356\" srcset=\"https:\/\/www.josepoms.com\/wp-content\/uploads\/2025\/05\/Equip-Sant-Isidre-de-Montoliu-1030x876.jpeg 1030w, https:\/\/www.josepoms.com\/wp-content\/uploads\/2025\/05\/Equip-Sant-Isidre-de-Montoliu-300x255.jpeg 300w, https:\/\/www.josepoms.com\/wp-content\/uploads\/2025\/05\/Equip-Sant-Isidre-de-Montoliu-768x653.jpeg 768w, https:\/\/www.josepoms.com\/wp-content\/uploads\/2025\/05\/Equip-Sant-Isidre-de-Montoliu-1536x1306.jpeg 1536w, https:\/\/www.josepoms.com\/wp-content\/uploads\/2025\/05\/Equip-Sant-Isidre-de-Montoliu-100x85.jpeg 100w, https:\/\/www.josepoms.com\/wp-content\/uploads\/2025\/05\/Equip-Sant-Isidre-de-Montoliu-862x733.jpeg 862w, https:\/\/www.josepoms.com\/wp-content\/uploads\/2025\/05\/Equip-Sant-Isidre-de-Montoliu-1200x1020.jpeg 1200w, https:\/\/www.josepoms.com\/wp-content\/uploads\/2025\/05\/Equip-Sant-Isidre-de-Montoliu.jpeg 1907w\" sizes=\"auto, (max-width: 1030px) 100vw, 1030px\" \/><\/figure>\n\n\n\n<figure class=\"wp-block-image size-large\"><img loading=\"lazy\" decoding=\"async\" width=\"1030\" height=\"576\" data-id=\"4358\" src=\"https:\/\/www.josepoms.com\/wp-content\/uploads\/2025\/05\/Lliga-ADEJO-1030x576.jpeg\" alt=\"\" class=\"wp-image-4358\" srcset=\"https:\/\/www.josepoms.com\/wp-content\/uploads\/2025\/05\/Lliga-ADEJO-1030x576.jpeg 1030w, https:\/\/www.josepoms.com\/wp-content\/uploads\/2025\/05\/Lliga-ADEJO-300x168.jpeg 300w, https:\/\/www.josepoms.com\/wp-content\/uploads\/2025\/05\/Lliga-ADEJO-768x430.jpeg 768w, https:\/\/www.josepoms.com\/wp-content\/uploads\/2025\/05\/Lliga-ADEJO-1536x859.jpeg 1536w, https:\/\/www.josepoms.com\/wp-content\/uploads\/2025\/05\/Lliga-ADEJO-100x56.jpeg 100w, https:\/\/www.josepoms.com\/wp-content\/uploads\/2025\/05\/Lliga-ADEJO-862x482.jpeg 862w, https:\/\/www.josepoms.com\/wp-content\/uploads\/2025\/05\/Lliga-ADEJO-1200x671.jpeg 1200w, https:\/\/www.josepoms.com\/wp-content\/uploads\/2025\/05\/Lliga-ADEJO.jpeg 1614w\" sizes=\"auto, (max-width: 1030px) 100vw, 1030px\" \/><\/figure>\n<\/figure>\n","protected":false},"excerpt":{"rendered":"<p>La und\u00e9cima edici\u00f3n de la Liga Escolar de Ajedrez ADEJO lleg\u00f3 el pasado viernes a su final y lo hizo con una lucida jornada de clausura celebrada en la Escuela Ciutat Jard\u00ed, tras la cual se coron\u00f3 como campe\u00f3n el equipo del Claver, que repite un t\u00edtulo que ya logr\u00f3 en 2023. Este equipo se ha mantenido al frente de &#8230; <\/p>\n<div><a href=\"https:\/\/www.josepoms.com\/es\/el-claver-recupera-el-titulo-en-la-liga-escolar-adejo-que-cierra-con-exito-su-11a-edicion\/\" class=\"more-link\">Llegir m\u00e9s<\/a><\/div>\n","protected":false},"author":2,"featured_media":4353,"comment_status":"closed","ping_status":"closed","sticky":false,"template":"","format":"standard","meta":{"footnotes":""},"categories":[115,117,116],"tags":[128,123,118,161,122,120,119],"class_list":["post-4438","post","type-post","status-publish","format-standard","has-post-thumbnail","hentry","category-notes-de-premsa-es","category-noticia-de-portada-es","category-noticies-es","tag-academia-de-ajedrez","tag-adejo-es","tag-ajedrez-es","tag-escoles","tag-josep-oms-es","tag-liga-adejo","tag-lleida-es"],"yoast_head":"<!-- This site is optimized with the Yoast SEO plugin v25.9 - https:\/\/yoast.com\/wordpress\/plugins\/seo\/ -->\n<title>El Claver recupera el t\u00edtulo en la Liga Escolar ADEJO, que cierra con \u00e9xito su 11\u00aa edici\u00f3n - Acad\u00e8mia Escacs Josep Oms<\/title>\n<meta name=\"description\" content=\"Supera el Parc del Saladar A, campe\u00f3n el a\u00f1o pasado , por solo 6 puntos.\" \/>\n<meta name=\"robots\" content=\"index, follow, max-snippet:-1, max-image-preview:large, max-video-preview:-1\" \/>\n<link rel=\"canonical\" href=\"https:\/\/www.josepoms.com\/es\/el-claver-recupera-el-titulo-en-la-liga-escolar-adejo-que-cierra-con-exito-su-11a-edicion\/\" \/>\n<meta property=\"og:locale\" content=\"es_ES\" \/>\n<meta property=\"og:type\" content=\"article\" \/>\n<meta property=\"og:title\" content=\"El Claver recupera el t\u00edtulo en la Liga Escolar ADEJO, que cierra con \u00e9xito su 11\u00aa edici\u00f3n - Acad\u00e8mia Escacs Josep Oms\" \/>\n<meta property=\"og:description\" content=\"Supera el Parc del Saladar A, campe\u00f3n el a\u00f1o pasado , por solo 6 puntos.\" \/>\n<meta property=\"og:url\" content=\"https:\/\/www.josepoms.com\/es\/el-claver-recupera-el-titulo-en-la-liga-escolar-adejo-que-cierra-con-exito-su-11a-edicion\/\" \/>\n<meta property=\"og:site_name\" content=\"Acad\u00e8mia Escacs Josep Oms\" \/>\n<meta property=\"article:published_time\" content=\"2025-09-22T08:46:27+00:00\" \/>\n<meta property=\"og:image\" content=\"https:\/\/www.josepoms.com\/wp-content\/uploads\/2025\/05\/Equip-Claver.jpeg\" \/>\n\t<meta property=\"og:image:width\" content=\"2048\" \/>\n\t<meta property=\"og:image:height\" content=\"1472\" \/>\n\t<meta property=\"og:image:type\" content=\"image\/jpeg\" \/>\n<meta name=\"author\" content=\"ADEJO\" \/>\n<meta name=\"twitter:card\" content=\"summary_large_image\" \/>\n<meta name=\"twitter:label1\" content=\"Escrito por\" \/>\n\t<meta name=\"twitter:data1\" content=\"ADEJO\" \/>\n\t<meta name=\"twitter:label2\" content=\"Tiempo de lectura\" \/>\n\t<meta name=\"twitter:data2\" content=\"2 minutos\" \/>\n<script type=\"application\/ld+json\" class=\"yoast-schema-graph\">{\"@context\":\"https:\/\/schema.org\",\"@graph\":[{\"@type\":\"WebPage\",\"@id\":\"https:\/\/www.josepoms.com\/es\/el-claver-recupera-el-titulo-en-la-liga-escolar-adejo-que-cierra-con-exito-su-11a-edicion\/\",\"url\":\"https:\/\/www.josepoms.com\/es\/el-claver-recupera-el-titulo-en-la-liga-escolar-adejo-que-cierra-con-exito-su-11a-edicion\/\",\"name\":\"El Claver recupera el t\u00edtulo en la Liga Escolar ADEJO, que cierra con \u00e9xito su 11\u00aa edici\u00f3n - Acad\u00e8mia Escacs Josep Oms\",\"isPartOf\":{\"@id\":\"https:\/\/www.josepoms.com\/es\/#website\"},\"primaryImageOfPage\":{\"@id\":\"https:\/\/www.josepoms.com\/es\/el-claver-recupera-el-titulo-en-la-liga-escolar-adejo-que-cierra-con-exito-su-11a-edicion\/#primaryimage\"},\"image\":{\"@id\":\"https:\/\/www.josepoms.com\/es\/el-claver-recupera-el-titulo-en-la-liga-escolar-adejo-que-cierra-con-exito-su-11a-edicion\/#primaryimage\"},\"thumbnailUrl\":\"https:\/\/www.josepoms.com\/wp-content\/uploads\/2025\/05\/Equip-Claver.jpeg\",\"datePublished\":\"2025-09-22T08:46:27+00:00\",\"author\":{\"@id\":\"https:\/\/www.josepoms.com\/es\/#\/schema\/person\/bbbc564c078378c925bf35b4c3f705b7\"},\"description\":\"Supera el Parc del Saladar A, campe\u00f3n el a\u00f1o pasado , por solo 6 puntos.\",\"breadcrumb\":{\"@id\":\"https:\/\/www.josepoms.com\/es\/el-claver-recupera-el-titulo-en-la-liga-escolar-adejo-que-cierra-con-exito-su-11a-edicion\/#breadcrumb\"},\"inLanguage\":\"es\",\"potentialAction\":[{\"@type\":\"ReadAction\",\"target\":[\"https:\/\/www.josepoms.com\/es\/el-claver-recupera-el-titulo-en-la-liga-escolar-adejo-que-cierra-con-exito-su-11a-edicion\/\"]}]},{\"@type\":\"ImageObject\",\"inLanguage\":\"es\",\"@id\":\"https:\/\/www.josepoms.com\/es\/el-claver-recupera-el-titulo-en-la-liga-escolar-adejo-que-cierra-con-exito-su-11a-edicion\/#primaryimage\",\"url\":\"https:\/\/www.josepoms.com\/wp-content\/uploads\/2025\/05\/Equip-Claver.jpeg\",\"contentUrl\":\"https:\/\/www.josepoms.com\/wp-content\/uploads\/2025\/05\/Equip-Claver.jpeg\",\"width\":2048,\"height\":1472},{\"@type\":\"BreadcrumbList\",\"@id\":\"https:\/\/www.josepoms.com\/es\/el-claver-recupera-el-titulo-en-la-liga-escolar-adejo-que-cierra-con-exito-su-11a-edicion\/#breadcrumb\",\"itemListElement\":[{\"@type\":\"ListItem\",\"position\":1,\"name\":\"Inici\",\"item\":\"https:\/\/www.josepoms.com\/es\/inici-2\/\"},{\"@type\":\"ListItem\",\"position\":2,\"name\":\"El Claver recupera el t\u00edtulo en la Liga Escolar ADEJO, que cierra con \u00e9xito su 11\u00aa edici\u00f3n\"}]},{\"@type\":\"WebSite\",\"@id\":\"https:\/\/www.josepoms.com\/es\/#website\",\"url\":\"https:\/\/www.josepoms.com\/es\/\",\"name\":\"Acad\u00e8mia Escacs Josep Oms\",\"description\":\"ADEJO Lleida\",\"potentialAction\":[{\"@type\":\"SearchAction\",\"target\":{\"@type\":\"EntryPoint\",\"urlTemplate\":\"https:\/\/www.josepoms.com\/es\/?s={search_term_string}\"},\"query-input\":{\"@type\":\"PropertyValueSpecification\",\"valueRequired\":true,\"valueName\":\"search_term_string\"}}],\"inLanguage\":\"es\"},{\"@type\":\"Person\",\"@id\":\"https:\/\/www.josepoms.com\/es\/#\/schema\/person\/bbbc564c078378c925bf35b4c3f705b7\",\"name\":\"ADEJO\",\"image\":{\"@type\":\"ImageObject\",\"inLanguage\":\"es\",\"@id\":\"https:\/\/www.josepoms.com\/es\/#\/schema\/person\/image\/\",\"url\":\"https:\/\/secure.gravatar.com\/avatar\/a83bed0c58d0512a8435ef44a097075ba4de979f7c9808731e5c63f66f274101?s=96&d=blank&r=g\",\"contentUrl\":\"https:\/\/secure.gravatar.com\/avatar\/a83bed0c58d0512a8435ef44a097075ba4de979f7c9808731e5c63f66f274101?s=96&d=blank&r=g\",\"caption\":\"ADEJO\"},\"url\":\"https:\/\/www.josepoms.com\/es\/author\/itaca\/\"}]}<\/script>\n<!-- \/ Yoast SEO plugin. -->","yoast_head_json":{"title":"El Claver recupera el t\u00edtulo en la Liga Escolar ADEJO, que cierra con \u00e9xito su 11\u00aa edici\u00f3n - Acad\u00e8mia Escacs Josep Oms","description":"Supera el Parc del Saladar A, campe\u00f3n el a\u00f1o pasado , por solo 6 puntos.","robots":{"index":"index","follow":"follow","max-snippet":"max-snippet:-1","max-image-preview":"max-image-preview:large","max-video-preview":"max-video-preview:-1"},"canonical":"https:\/\/www.josepoms.com\/es\/el-claver-recupera-el-titulo-en-la-liga-escolar-adejo-que-cierra-con-exito-su-11a-edicion\/","og_locale":"es_ES","og_type":"article","og_title":"El Claver recupera el t\u00edtulo en la Liga Escolar ADEJO, que cierra con \u00e9xito su 11\u00aa edici\u00f3n - Acad\u00e8mia Escacs Josep Oms","og_description":"Supera el Parc del Saladar A, campe\u00f3n el a\u00f1o pasado , por solo 6 puntos.","og_url":"https:\/\/www.josepoms.com\/es\/el-claver-recupera-el-titulo-en-la-liga-escolar-adejo-que-cierra-con-exito-su-11a-edicion\/","og_site_name":"Acad\u00e8mia Escacs Josep Oms","article_published_time":"2025-09-22T08:46:27+00:00","og_image":[{"width":2048,"height":1472,"url":"https:\/\/www.josepoms.com\/wp-content\/uploads\/2025\/05\/Equip-Claver.jpeg","type":"image\/jpeg"}],"author":"ADEJO","twitter_card":"summary_large_image","twitter_misc":{"Escrito por":"ADEJO","Tiempo de lectura":"2 minutos"},"schema":{"@context":"https:\/\/schema.org","@graph":[{"@type":"WebPage","@id":"https:\/\/www.josepoms.com\/es\/el-claver-recupera-el-titulo-en-la-liga-escolar-adejo-que-cierra-con-exito-su-11a-edicion\/","url":"https:\/\/www.josepoms.com\/es\/el-claver-recupera-el-titulo-en-la-liga-escolar-adejo-que-cierra-con-exito-su-11a-edicion\/","name":"El Claver recupera el t\u00edtulo en la Liga Escolar ADEJO, que cierra con \u00e9xito su 11\u00aa edici\u00f3n - Acad\u00e8mia Escacs Josep Oms","isPartOf":{"@id":"https:\/\/www.josepoms.com\/es\/#website"},"primaryImageOfPage":{"@id":"https:\/\/www.josepoms.com\/es\/el-claver-recupera-el-titulo-en-la-liga-escolar-adejo-que-cierra-con-exito-su-11a-edicion\/#primaryimage"},"image":{"@id":"https:\/\/www.josepoms.com\/es\/el-claver-recupera-el-titulo-en-la-liga-escolar-adejo-que-cierra-con-exito-su-11a-edicion\/#primaryimage"},"thumbnailUrl":"https:\/\/www.josepoms.com\/wp-content\/uploads\/2025\/05\/Equip-Claver.jpeg","datePublished":"2025-09-22T08:46:27+00:00","author":{"@id":"https:\/\/www.josepoms.com\/es\/#\/schema\/person\/bbbc564c078378c925bf35b4c3f705b7"},"description":"Supera el Parc del Saladar A, campe\u00f3n el a\u00f1o pasado , por solo 6 puntos.","breadcrumb":{"@id":"https:\/\/www.josepoms.com\/es\/el-claver-recupera-el-titulo-en-la-liga-escolar-adejo-que-cierra-con-exito-su-11a-edicion\/#breadcrumb"},"inLanguage":"es","potentialAction":[{"@type":"ReadAction","target":["https:\/\/www.josepoms.com\/es\/el-claver-recupera-el-titulo-en-la-liga-escolar-adejo-que-cierra-con-exito-su-11a-edicion\/"]}]},{"@type":"ImageObject","inLanguage":"es","@id":"https:\/\/www.josepoms.com\/es\/el-claver-recupera-el-titulo-en-la-liga-escolar-adejo-que-cierra-con-exito-su-11a-edicion\/#primaryimage","url":"https:\/\/www.josepoms.com\/wp-content\/uploads\/2025\/05\/Equip-Claver.jpeg","contentUrl":"https:\/\/www.josepoms.com\/wp-content\/uploads\/2025\/05\/Equip-Claver.jpeg","width":2048,"height":1472},{"@type":"BreadcrumbList","@id":"https:\/\/www.josepoms.com\/es\/el-claver-recupera-el-titulo-en-la-liga-escolar-adejo-que-cierra-con-exito-su-11a-edicion\/#breadcrumb","itemListElement":[{"@type":"ListItem","position":1,"name":"Inici","item":"https:\/\/www.josepoms.com\/es\/inici-2\/"},{"@type":"ListItem","position":2,"name":"El Claver recupera el t\u00edtulo en la Liga Escolar ADEJO, que cierra con \u00e9xito su 11\u00aa edici\u00f3n"}]},{"@type":"WebSite","@id":"https:\/\/www.josepoms.com\/es\/#website","url":"https:\/\/www.josepoms.com\/es\/","name":"Acad\u00e8mia Escacs Josep Oms","description":"ADEJO Lleida","potentialAction":[{"@type":"SearchAction","target":{"@type":"EntryPoint","urlTemplate":"https:\/\/www.josepoms.com\/es\/?s={search_term_string}"},"query-input":{"@type":"PropertyValueSpecification","valueRequired":true,"valueName":"search_term_string"}}],"inLanguage":"es"},{"@type":"Person","@id":"https:\/\/www.josepoms.com\/es\/#\/schema\/person\/bbbc564c078378c925bf35b4c3f705b7","name":"ADEJO","image":{"@type":"ImageObject","inLanguage":"es","@id":"https:\/\/www.josepoms.com\/es\/#\/schema\/person\/image\/","url":"https:\/\/secure.gravatar.com\/avatar\/a83bed0c58d0512a8435ef44a097075ba4de979f7c9808731e5c63f66f274101?s=96&d=blank&r=g","contentUrl":"https:\/\/secure.gravatar.com\/avatar\/a83bed0c58d0512a8435ef44a097075ba4de979f7c9808731e5c63f66f274101?s=96&d=blank&r=g","caption":"ADEJO"},"url":"https:\/\/www.josepoms.com\/es\/author\/itaca\/"}]}},"_links":{"self":[{"href":"https:\/\/www.josepoms.com\/es\/wp-json\/wp\/v2\/posts\/4438","targetHints":{"allow":["GET"]}}],"collection":[{"href":"https:\/\/www.josepoms.com\/es\/wp-json\/wp\/v2\/posts"}],"about":[{"href":"https:\/\/www.josepoms.com\/es\/wp-json\/wp\/v2\/types\/post"}],"author":[{"embeddable":true,"href":"https:\/\/www.josepoms.com\/es\/wp-json\/wp\/v2\/users\/2"}],"replies":[{"embeddable":true,"href":"https:\/\/www.josepoms.com\/es\/wp-json\/wp\/v2\/comments?post=4438"}],"version-history":[{"count":1,"href":"https:\/\/www.josepoms.com\/es\/wp-json\/wp\/v2\/posts\/4438\/revisions"}],"predecessor-version":[{"id":4439,"href":"https:\/\/www.josepoms.com\/es\/wp-json\/wp\/v2\/posts\/4438\/revisions\/4439"}],"wp:featuredmedia":[{"embeddable":true,"href":"https:\/\/www.josepoms.com\/es\/wp-json\/wp\/v2\/media\/4353"}],"wp:attachment":[{"href":"https:\/\/www.josepoms.com\/es\/wp-json\/wp\/v2\/media?parent=4438"}],"wp:term":[{"taxonomy":"category","embeddable":true,"href":"https:\/\/www.josepoms.com\/es\/wp-json\/wp\/v2\/categories?post=4438"},{"taxonomy":"post_tag","embeddable":true,"href":"https:\/\/www.josepoms.com\/es\/wp-json\/wp\/v2\/tags?post=4438"}],"curies":[{"name":"wp","href":"https:\/\/api.w.org\/{rel}","templated":true}]}}