 {"id":4523,"date":"2026-02-19T13:08:40","date_gmt":"2026-02-19T12:08:40","guid":{"rendered":"https:\/\/www.josepoms.com\/la-liga-escolar-adejo-constara-de-tres-jornadas-en-la-que-sera-su-12a-edicion\/"},"modified":"2026-02-19T13:08:41","modified_gmt":"2026-02-19T12:08:41","slug":"la-liga-escolar-adejo-constara-de-tres-jornadas-en-la-que-sera-su-12a-edicion","status":"publish","type":"post","link":"https:\/\/www.josepoms.com\/es\/la-liga-escolar-adejo-constara-de-tres-jornadas-en-la-que-sera-su-12a-edicion\/","title":{"rendered":"La Liga Escolar ADEJO constar\u00e1 de tres jornadas en la que ser\u00e1 su 12\u00aa edici\u00f3n"},"content":{"rendered":"\n<ul class=\"wp-block-list\">\n<li><strong>Comenzar\u00e1 el 27 de febrero en la Escuela La Mitjana, seguir\u00e1 el 20 de marzo en el Colegio Claver y se cerrar\u00e1 el 17 de abril en un centro a\u00fan por determinar.<\/strong><\/li>\n<\/ul>\n\n<p>La Liga ADEJO-Campeonato de Ajedrez Escolar por Equipos de Lleida ya tiene a punto todos los detalles para la que ser\u00e1 su 12\u00aa edici\u00f3n, en la que constar\u00e1 de tres jornadas y tratar\u00e1 de integrar en el proyecto m\u00e1s escuelas participantes, todo ello sin olvidar la vertiente l\u00fadica y de deportividad que siempre caracteriza el torneo.<\/p>\n\n<p>El campeonato se pondr\u00e1 en marcha con la jornada inaugural, programada para el 27 de febrero en la Escuela La Mitjana de Lleida, y seguir\u00e1 el 20 de marzo en el Colegio Claver. La tercera jornada, que servir\u00e1 como clausura, se ha previsto para el 17 de abril en un centro a\u00fan por determinar. Como es habitual, todas las jornadas se celebrar\u00e1n en viernes por la noche (de 18.00 a 19.45 horas) para no interferir en otras actividades deportivas escolares, e ir\u00e1n acompa\u00f1adas de una merienda para todos los inscritos.  <\/p>\n\n<p>En cuanto a las inscripciones, es preciso recordar que se trata de una actividad gratuita abierta al alumnado de Educaci\u00f3n Primaria. Todos los interesados \u200b\u200ben participar deben dirigir un correo electr\u00f3nico a info@josepoms.com. <\/p>\n\n<p>La organizaci\u00f3n del torneo corre a cargo de la Academia de Ajedrez Josep Oms (ADEJO) y cuenta con la colaboraci\u00f3n del Ayuntamiento de Lleida, la Diputaci\u00f3n de Lleida, la Escuela La Mitjana, el Colegio Claver y el Club de Ajedrez Flanc de Dama.<\/p>\n","protected":false},"excerpt":{"rendered":"<p>La Liga ADEJO-Campeonato de Ajedrez Escolar por Equipos de Lleida ya tiene a punto todos los detalles para la que ser\u00e1 su 12\u00aa edici\u00f3n, en la que constar\u00e1 de tres jornadas y tratar\u00e1 de integrar en el proyecto m\u00e1s escuelas participantes, todo ello sin olvidar la vertiente l\u00fadica y de deportividad que siempre caracteriza el torneo. El campeonato se pondr\u00e1 &#8230; <\/p>\n<div><a href=\"https:\/\/www.josepoms.com\/es\/la-liga-escolar-adejo-constara-de-tres-jornadas-en-la-que-sera-su-12a-edicion\/\" class=\"more-link\">Llegir m\u00e9s<\/a><\/div>\n","protected":false},"author":2,"featured_media":4521,"comment_status":"closed","ping_status":"closed","sticky":false,"template":"","format":"standard","meta":{"footnotes":""},"categories":[115,117,116],"tags":[123,118,120,119],"class_list":["post-4523","post","type-post","status-publish","format-standard","has-post-thumbnail","hentry","category-notes-de-premsa-es","category-noticia-de-portada-es","category-noticies-es","tag-adejo-es","tag-ajedrez-es","tag-liga-adejo","tag-lleida-es"],"yoast_head":"<!-- This site is optimized with the Yoast SEO plugin v25.9 - https:\/\/yoast.com\/wordpress\/plugins\/seo\/ -->\n<title>La Liga Escolar ADEJO constar\u00e1 de tres jornadas en la que ser\u00e1 su 12\u00aa edici\u00f3n - Acad\u00e8mia Escacs Josep Oms<\/title>\n<meta name=\"description\" content=\"La Liga escolar ADEJO 2026 empezar\u00e1 el 27 de febrero en la Escuela La Mitjana, seguir\u00e1 el 20 de marzo en el Colegio Claver y se cerrar\u00e1 el 17 de abril en un centro a\u00fan por determinar.\" \/>\n<meta name=\"robots\" content=\"index, follow, max-snippet:-1, max-image-preview:large, max-video-preview:-1\" \/>\n<link rel=\"canonical\" href=\"https:\/\/www.josepoms.com\/es\/la-liga-escolar-adejo-constara-de-tres-jornadas-en-la-que-sera-su-12a-edicion\/\" \/>\n<meta property=\"og:locale\" content=\"es_ES\" \/>\n<meta property=\"og:type\" content=\"article\" \/>\n<meta property=\"og:title\" content=\"La Liga Escolar ADEJO constar\u00e1 de tres jornadas en la que ser\u00e1 su 12\u00aa edici\u00f3n - Acad\u00e8mia Escacs Josep Oms\" \/>\n<meta property=\"og:description\" content=\"La Liga escolar ADEJO 2026 empezar\u00e1 el 27 de febrero en la Escuela La Mitjana, seguir\u00e1 el 20 de marzo en el Colegio Claver y se cerrar\u00e1 el 17 de abril en un centro a\u00fan por determinar.\" \/>\n<meta property=\"og:url\" content=\"https:\/\/www.josepoms.com\/es\/la-liga-escolar-adejo-constara-de-tres-jornadas-en-la-que-sera-su-12a-edicion\/\" \/>\n<meta property=\"og:site_name\" content=\"Acad\u00e8mia Escacs Josep Oms\" \/>\n<meta property=\"article:published_time\" content=\"2026-02-19T12:08:40+00:00\" \/>\n<meta property=\"article:modified_time\" content=\"2026-02-19T12:08:41+00:00\" \/>\n<meta property=\"og:image\" content=\"https:\/\/www.josepoms.com\/wp-content\/uploads\/2026\/02\/LLIGA-ADEJO-2026-ok.png\" \/>\n\t<meta property=\"og:image:width\" content=\"1414\" \/>\n\t<meta property=\"og:image:height\" content=\"2000\" \/>\n\t<meta property=\"og:image:type\" content=\"image\/png\" \/>\n<meta name=\"author\" content=\"ADEJO\" \/>\n<meta name=\"twitter:card\" content=\"summary_large_image\" \/>\n<meta name=\"twitter:label1\" content=\"Escrito por\" \/>\n\t<meta name=\"twitter:data1\" content=\"ADEJO\" \/>\n\t<meta name=\"twitter:label2\" content=\"Tiempo de lectura\" \/>\n\t<meta name=\"twitter:data2\" content=\"1 minuto\" \/>\n<script type=\"application\/ld+json\" class=\"yoast-schema-graph\">{\"@context\":\"https:\/\/schema.org\",\"@graph\":[{\"@type\":\"WebPage\",\"@id\":\"https:\/\/www.josepoms.com\/es\/la-liga-escolar-adejo-constara-de-tres-jornadas-en-la-que-sera-su-12a-edicion\/\",\"url\":\"https:\/\/www.josepoms.com\/es\/la-liga-escolar-adejo-constara-de-tres-jornadas-en-la-que-sera-su-12a-edicion\/\",\"name\":\"La Liga Escolar ADEJO constar\u00e1 de tres jornadas en la que ser\u00e1 su 12\u00aa edici\u00f3n - Acad\u00e8mia Escacs Josep Oms\",\"isPartOf\":{\"@id\":\"https:\/\/www.josepoms.com\/es\/#website\"},\"primaryImageOfPage\":{\"@id\":\"https:\/\/www.josepoms.com\/es\/la-liga-escolar-adejo-constara-de-tres-jornadas-en-la-que-sera-su-12a-edicion\/#primaryimage\"},\"image\":{\"@id\":\"https:\/\/www.josepoms.com\/es\/la-liga-escolar-adejo-constara-de-tres-jornadas-en-la-que-sera-su-12a-edicion\/#primaryimage\"},\"thumbnailUrl\":\"https:\/\/www.josepoms.com\/wp-content\/uploads\/2026\/02\/LLIGA-ADEJO-2026-ok.png\",\"datePublished\":\"2026-02-19T12:08:40+00:00\",\"dateModified\":\"2026-02-19T12:08:41+00:00\",\"author\":{\"@id\":\"https:\/\/www.josepoms.com\/es\/#\/schema\/person\/bbbc564c078378c925bf35b4c3f705b7\"},\"description\":\"La Liga escolar ADEJO 2026 empezar\u00e1 el 27 de febrero en la Escuela La Mitjana, seguir\u00e1 el 20 de marzo en el Colegio Claver y se cerrar\u00e1 el 17 de abril en un centro a\u00fan por determinar.\",\"breadcrumb\":{\"@id\":\"https:\/\/www.josepoms.com\/es\/la-liga-escolar-adejo-constara-de-tres-jornadas-en-la-que-sera-su-12a-edicion\/#breadcrumb\"},\"inLanguage\":\"es\",\"potentialAction\":[{\"@type\":\"ReadAction\",\"target\":[\"https:\/\/www.josepoms.com\/es\/la-liga-escolar-adejo-constara-de-tres-jornadas-en-la-que-sera-su-12a-edicion\/\"]}]},{\"@type\":\"ImageObject\",\"inLanguage\":\"es\",\"@id\":\"https:\/\/www.josepoms.com\/es\/la-liga-escolar-adejo-constara-de-tres-jornadas-en-la-que-sera-su-12a-edicion\/#primaryimage\",\"url\":\"https:\/\/www.josepoms.com\/wp-content\/uploads\/2026\/02\/LLIGA-ADEJO-2026-ok.png\",\"contentUrl\":\"https:\/\/www.josepoms.com\/wp-content\/uploads\/2026\/02\/LLIGA-ADEJO-2026-ok.png\",\"width\":1414,\"height\":2000},{\"@type\":\"BreadcrumbList\",\"@id\":\"https:\/\/www.josepoms.com\/es\/la-liga-escolar-adejo-constara-de-tres-jornadas-en-la-que-sera-su-12a-edicion\/#breadcrumb\",\"itemListElement\":[{\"@type\":\"ListItem\",\"position\":1,\"name\":\"Inici\",\"item\":\"https:\/\/www.josepoms.com\/es\/inici-2\/\"},{\"@type\":\"ListItem\",\"position\":2,\"name\":\"La Liga Escolar ADEJO constar\u00e1 de tres jornadas en la que ser\u00e1 su 12\u00aa edici\u00f3n\"}]},{\"@type\":\"WebSite\",\"@id\":\"https:\/\/www.josepoms.com\/es\/#website\",\"url\":\"https:\/\/www.josepoms.com\/es\/\",\"name\":\"Acad\u00e8mia Escacs Josep Oms\",\"description\":\"ADEJO Lleida\",\"potentialAction\":[{\"@type\":\"SearchAction\",\"target\":{\"@type\":\"EntryPoint\",\"urlTemplate\":\"https:\/\/www.josepoms.com\/es\/?s={search_term_string}\"},\"query-input\":{\"@type\":\"PropertyValueSpecification\",\"valueRequired\":true,\"valueName\":\"search_term_string\"}}],\"inLanguage\":\"es\"},{\"@type\":\"Person\",\"@id\":\"https:\/\/www.josepoms.com\/es\/#\/schema\/person\/bbbc564c078378c925bf35b4c3f705b7\",\"name\":\"ADEJO\",\"image\":{\"@type\":\"ImageObject\",\"inLanguage\":\"es\",\"@id\":\"https:\/\/www.josepoms.com\/es\/#\/schema\/person\/image\/\",\"url\":\"https:\/\/secure.gravatar.com\/avatar\/a83bed0c58d0512a8435ef44a097075ba4de979f7c9808731e5c63f66f274101?s=96&d=blank&r=g\",\"contentUrl\":\"https:\/\/secure.gravatar.com\/avatar\/a83bed0c58d0512a8435ef44a097075ba4de979f7c9808731e5c63f66f274101?s=96&d=blank&r=g\",\"caption\":\"ADEJO\"},\"url\":\"https:\/\/www.josepoms.com\/es\/author\/itaca\/\"}]}<\/script>\n<!-- \/ Yoast SEO plugin. -->","yoast_head_json":{"title":"La Liga Escolar ADEJO constar\u00e1 de tres jornadas en la que ser\u00e1 su 12\u00aa edici\u00f3n - Acad\u00e8mia Escacs Josep Oms","description":"La Liga escolar ADEJO 2026 empezar\u00e1 el 27 de febrero en la Escuela La Mitjana, seguir\u00e1 el 20 de marzo en el Colegio Claver y se cerrar\u00e1 el 17 de abril en un centro a\u00fan por determinar.","robots":{"index":"index","follow":"follow","max-snippet":"max-snippet:-1","max-image-preview":"max-image-preview:large","max-video-preview":"max-video-preview:-1"},"canonical":"https:\/\/www.josepoms.com\/es\/la-liga-escolar-adejo-constara-de-tres-jornadas-en-la-que-sera-su-12a-edicion\/","og_locale":"es_ES","og_type":"article","og_title":"La Liga Escolar ADEJO constar\u00e1 de tres jornadas en la que ser\u00e1 su 12\u00aa edici\u00f3n - Acad\u00e8mia Escacs Josep Oms","og_description":"La Liga escolar ADEJO 2026 empezar\u00e1 el 27 de febrero en la Escuela La Mitjana, seguir\u00e1 el 20 de marzo en el Colegio Claver y se cerrar\u00e1 el 17 de abril en un centro a\u00fan por determinar.","og_url":"https:\/\/www.josepoms.com\/es\/la-liga-escolar-adejo-constara-de-tres-jornadas-en-la-que-sera-su-12a-edicion\/","og_site_name":"Acad\u00e8mia Escacs Josep Oms","article_published_time":"2026-02-19T12:08:40+00:00","article_modified_time":"2026-02-19T12:08:41+00:00","og_image":[{"width":1414,"height":2000,"url":"https:\/\/www.josepoms.com\/wp-content\/uploads\/2026\/02\/LLIGA-ADEJO-2026-ok.png","type":"image\/png"}],"author":"ADEJO","twitter_card":"summary_large_image","twitter_misc":{"Escrito por":"ADEJO","Tiempo de lectura":"1 minuto"},"schema":{"@context":"https:\/\/schema.org","@graph":[{"@type":"WebPage","@id":"https:\/\/www.josepoms.com\/es\/la-liga-escolar-adejo-constara-de-tres-jornadas-en-la-que-sera-su-12a-edicion\/","url":"https:\/\/www.josepoms.com\/es\/la-liga-escolar-adejo-constara-de-tres-jornadas-en-la-que-sera-su-12a-edicion\/","name":"La Liga Escolar ADEJO constar\u00e1 de tres jornadas en la que ser\u00e1 su 12\u00aa edici\u00f3n - Acad\u00e8mia Escacs Josep Oms","isPartOf":{"@id":"https:\/\/www.josepoms.com\/es\/#website"},"primaryImageOfPage":{"@id":"https:\/\/www.josepoms.com\/es\/la-liga-escolar-adejo-constara-de-tres-jornadas-en-la-que-sera-su-12a-edicion\/#primaryimage"},"image":{"@id":"https:\/\/www.josepoms.com\/es\/la-liga-escolar-adejo-constara-de-tres-jornadas-en-la-que-sera-su-12a-edicion\/#primaryimage"},"thumbnailUrl":"https:\/\/www.josepoms.com\/wp-content\/uploads\/2026\/02\/LLIGA-ADEJO-2026-ok.png","datePublished":"2026-02-19T12:08:40+00:00","dateModified":"2026-02-19T12:08:41+00:00","author":{"@id":"https:\/\/www.josepoms.com\/es\/#\/schema\/person\/bbbc564c078378c925bf35b4c3f705b7"},"description":"La Liga escolar ADEJO 2026 empezar\u00e1 el 27 de febrero en la Escuela La Mitjana, seguir\u00e1 el 20 de marzo en el Colegio Claver y se cerrar\u00e1 el 17 de abril en un centro a\u00fan por determinar.","breadcrumb":{"@id":"https:\/\/www.josepoms.com\/es\/la-liga-escolar-adejo-constara-de-tres-jornadas-en-la-que-sera-su-12a-edicion\/#breadcrumb"},"inLanguage":"es","potentialAction":[{"@type":"ReadAction","target":["https:\/\/www.josepoms.com\/es\/la-liga-escolar-adejo-constara-de-tres-jornadas-en-la-que-sera-su-12a-edicion\/"]}]},{"@type":"ImageObject","inLanguage":"es","@id":"https:\/\/www.josepoms.com\/es\/la-liga-escolar-adejo-constara-de-tres-jornadas-en-la-que-sera-su-12a-edicion\/#primaryimage","url":"https:\/\/www.josepoms.com\/wp-content\/uploads\/2026\/02\/LLIGA-ADEJO-2026-ok.png","contentUrl":"https:\/\/www.josepoms.com\/wp-content\/uploads\/2026\/02\/LLIGA-ADEJO-2026-ok.png","width":1414,"height":2000},{"@type":"BreadcrumbList","@id":"https:\/\/www.josepoms.com\/es\/la-liga-escolar-adejo-constara-de-tres-jornadas-en-la-que-sera-su-12a-edicion\/#breadcrumb","itemListElement":[{"@type":"ListItem","position":1,"name":"Inici","item":"https:\/\/www.josepoms.com\/es\/inici-2\/"},{"@type":"ListItem","position":2,"name":"La Liga Escolar ADEJO constar\u00e1 de tres jornadas en la que ser\u00e1 su 12\u00aa edici\u00f3n"}]},{"@type":"WebSite","@id":"https:\/\/www.josepoms.com\/es\/#website","url":"https:\/\/www.josepoms.com\/es\/","name":"Acad\u00e8mia Escacs Josep Oms","description":"ADEJO Lleida","potentialAction":[{"@type":"SearchAction","target":{"@type":"EntryPoint","urlTemplate":"https:\/\/www.josepoms.com\/es\/?s={search_term_string}"},"query-input":{"@type":"PropertyValueSpecification","valueRequired":true,"valueName":"search_term_string"}}],"inLanguage":"es"},{"@type":"Person","@id":"https:\/\/www.josepoms.com\/es\/#\/schema\/person\/bbbc564c078378c925bf35b4c3f705b7","name":"ADEJO","image":{"@type":"ImageObject","inLanguage":"es","@id":"https:\/\/www.josepoms.com\/es\/#\/schema\/person\/image\/","url":"https:\/\/secure.gravatar.com\/avatar\/a83bed0c58d0512a8435ef44a097075ba4de979f7c9808731e5c63f66f274101?s=96&d=blank&r=g","contentUrl":"https:\/\/secure.gravatar.com\/avatar\/a83bed0c58d0512a8435ef44a097075ba4de979f7c9808731e5c63f66f274101?s=96&d=blank&r=g","caption":"ADEJO"},"url":"https:\/\/www.josepoms.com\/es\/author\/itaca\/"}]}},"_links":{"self":[{"href":"https:\/\/www.josepoms.com\/es\/wp-json\/wp\/v2\/posts\/4523","targetHints":{"allow":["GET"]}}],"collection":[{"href":"https:\/\/www.josepoms.com\/es\/wp-json\/wp\/v2\/posts"}],"about":[{"href":"https:\/\/www.josepoms.com\/es\/wp-json\/wp\/v2\/types\/post"}],"author":[{"embeddable":true,"href":"https:\/\/www.josepoms.com\/es\/wp-json\/wp\/v2\/users\/2"}],"replies":[{"embeddable":true,"href":"https:\/\/www.josepoms.com\/es\/wp-json\/wp\/v2\/comments?post=4523"}],"version-history":[{"count":1,"href":"https:\/\/www.josepoms.com\/es\/wp-json\/wp\/v2\/posts\/4523\/revisions"}],"predecessor-version":[{"id":4524,"href":"https:\/\/www.josepoms.com\/es\/wp-json\/wp\/v2\/posts\/4523\/revisions\/4524"}],"wp:featuredmedia":[{"embeddable":true,"href":"https:\/\/www.josepoms.com\/es\/wp-json\/wp\/v2\/media\/4521"}],"wp:attachment":[{"href":"https:\/\/www.josepoms.com\/es\/wp-json\/wp\/v2\/media?parent=4523"}],"wp:term":[{"taxonomy":"category","embeddable":true,"href":"https:\/\/www.josepoms.com\/es\/wp-json\/wp\/v2\/categories?post=4523"},{"taxonomy":"post_tag","embeddable":true,"href":"https:\/\/www.josepoms.com\/es\/wp-json\/wp\/v2\/tags?post=4523"}],"curies":[{"name":"wp","href":"https:\/\/api.w.org\/{rel}","templated":true}]}}