 {"id":4530,"date":"2026-02-20T13:00:54","date_gmt":"2026-02-20T12:00:54","guid":{"rendered":"https:\/\/www.josepoms.com\/x-campus-de-ajedrez-de-primavera-adejo\/"},"modified":"2026-02-20T13:00:54","modified_gmt":"2026-02-20T12:00:54","slug":"x-campus-de-ajedrez-de-primavera-adejo","status":"publish","type":"post","link":"https:\/\/www.josepoms.com\/es\/x-campus-de-ajedrez-de-primavera-adejo\/","title":{"rendered":"X Campus de Ajedrez de Primavera ADEJO"},"content":{"rendered":"\n<ul class=\"wp-block-list\">\n<li><strong>30 y 31 de marzo \u00b7 1 y 2 de abril de 2026<\/strong><\/li>\n<\/ul>\n\n<p>En ADEJO \u2013 Academia de Ajedrez Josep Oms volvemos con una nueva edici\u00f3n de nuestro Campus de Primavera, un espacio educativo, l\u00fadico y creativo pensado para ni\u00f1os y ni\u00f1as de <strong>4 a 14 a\u00f1os<\/strong> para los d\u00edas 30 y 31 de marzo, 1 y 2 de abril de 2026.<\/p>\n\n<p>Durante cuatro d\u00edas, los ni\u00f1os disfrutar\u00e1n de una experiencia enriquecedora donde el ajedrez se combina con talleres, juegos, manualidades y actividades culturales en un entorno seguro, estimulante y lleno de valores.<\/p>\n\n<h4 class=\"wp-block-heading\">\u00bfQu\u00e9 haremos en el campus?<\/h4>\n\n<ul class=\"wp-block-list\">\n<li>Ajedrez adaptado por edades y niveles<\/li>\n\n\n\n<li>Talleres creativos<\/li>\n\n\n\n<li>Juegos cooperativos<\/li>\n\n\n\n<li>Manualidades<\/li>\n\n\n\n<li>Cultura y salidas<\/li>\n\n\n\n<li>\u00a1Y muchas sorpresas m\u00e1s!<\/li>\n<\/ul>\n\n<p>Nuestro equipo pedag\u00f3gico trabaja para fomentar:<\/p>\n\n<ul class=\"wp-block-list\">\n<li>La concentraci\u00f3n y la memoria<\/li>\n\n\n\n<li>El pensamiento estrat\u00e9gico<\/li>\n\n\n\n<li>La creatividad<\/li>\n\n\n\n<li>El respeto y el trabajo en equipo<\/li>\n<\/ul>\n\n<p>\u00a1Todo aprendiendo mientras se lo pasan en grande!<\/p>\n\n<hr class=\"wp-block-separator has-alpha-channel-opacity\"\/>\n\n<h4 class=\"wp-block-heading\"> Horarios<\/h4>\n\n<ul class=\"wp-block-list\">\n<li><strong>Horario del campus:<\/strong> de 9:00 a 14:00 h<\/li>\n\n\n\n<li><strong>Acogida opcional:<\/strong>\n<ul class=\"wp-block-list\">\n<li>Ma\u00f1ana: de 8:00 a 9:00 h<\/li>\n\n\n\n<li>Mediod\u00eda: de 14:00 a 15:00 h<br\/>(3 \u20ac por franja y dia)<\/li>\n<\/ul>\n<\/li>\n<\/ul>\n\n<hr class=\"wp-block-separator has-alpha-channel-opacity\"\/>\n\n<h4 class=\"wp-block-heading\">Precio<\/h4>\n\n<p><strong>67 \u20ac<\/strong><br\/>(5% de descuento para alumnos de la academia o hermanos)<\/p>\n\n<hr class=\"wp-block-separator has-alpha-channel-opacity\"\/>\n\n<h4 class=\"wp-block-heading\"> \u00bfD\u00f3nde estamos?<\/h4>\n\n<p>Paseo de Ronda, 175 \u2013 Lleida<br\/>973 98 19 55<br\/><a>info@josepoms.com<\/a><br\/><a>www.josepoms.com<\/a><\/p>\n\n<p>Las plazas son limitadas. \u00a1No te quedes sin la tuya! <\/p>\n","protected":false},"excerpt":{"rendered":"<p>En ADEJO \u2013 Academia de Ajedrez Josep Oms volvemos con una nueva edici\u00f3n de nuestro Campus de Primavera, un espacio educativo, l\u00fadico y creativo pensado para ni\u00f1os y ni\u00f1as de 4 a 14 a\u00f1os para los d\u00edas 30 y 31 de marzo, 1 y 2 de abril de 2026. Durante cuatro d\u00edas, los ni\u00f1os disfrutar\u00e1n de una experiencia enriquecedora donde &#8230; <\/p>\n<div><a href=\"https:\/\/www.josepoms.com\/es\/x-campus-de-ajedrez-de-primavera-adejo\/\" class=\"more-link\">Llegir m\u00e9s<\/a><\/div>\n","protected":false},"author":2,"featured_media":4527,"comment_status":"closed","ping_status":"closed","sticky":false,"template":"","format":"standard","meta":{"footnotes":""},"categories":[115,117,116],"tags":[],"class_list":["post-4530","post","type-post","status-publish","format-standard","has-post-thumbnail","hentry","category-notes-de-premsa-es","category-noticia-de-portada-es","category-noticies-es"],"yoast_head":"<!-- This site is optimized with the Yoast SEO plugin v25.9 - https:\/\/yoast.com\/wordpress\/plugins\/seo\/ -->\n<title>X Campus de Ajedrez de Primavera ADEJO - Acad\u00e8mia Escacs Josep Oms<\/title>\n<meta name=\"description\" content=\"En ADEJO volvemos con una nueva edici\u00f3n de nuestro Campus de Primavera, un espacio educativo y l\u00fadico para los d\u00edas 30 y 31 de marzo, 1 y 2 de abril de 2026.\" \/>\n<meta name=\"robots\" content=\"index, follow, max-snippet:-1, max-image-preview:large, max-video-preview:-1\" \/>\n<link rel=\"canonical\" href=\"https:\/\/www.josepoms.com\/es\/x-campus-de-ajedrez-de-primavera-adejo\/\" \/>\n<meta property=\"og:locale\" content=\"es_ES\" \/>\n<meta property=\"og:type\" content=\"article\" \/>\n<meta property=\"og:title\" content=\"X Campus de Ajedrez de Primavera ADEJO - Acad\u00e8mia Escacs Josep Oms\" \/>\n<meta property=\"og:description\" content=\"En ADEJO volvemos con una nueva edici\u00f3n de nuestro Campus de Primavera, un espacio educativo y l\u00fadico para los d\u00edas 30 y 31 de marzo, 1 y 2 de abril de 2026.\" \/>\n<meta property=\"og:url\" content=\"https:\/\/www.josepoms.com\/es\/x-campus-de-ajedrez-de-primavera-adejo\/\" \/>\n<meta property=\"og:site_name\" content=\"Acad\u00e8mia Escacs Josep Oms\" \/>\n<meta property=\"article:published_time\" content=\"2026-02-20T12:00:54+00:00\" \/>\n<meta property=\"og:image\" content=\"https:\/\/www.josepoms.com\/wp-content\/uploads\/2026\/02\/Campus-Primavera-ADEJO-2026-728x1030.png\" \/>\n\t<meta property=\"og:image:width\" content=\"728\" \/>\n\t<meta property=\"og:image:height\" content=\"1030\" \/>\n\t<meta property=\"og:image:type\" content=\"image\/png\" \/>\n<meta name=\"author\" content=\"ADEJO\" \/>\n<meta name=\"twitter:card\" content=\"summary_large_image\" \/>\n<meta name=\"twitter:label1\" content=\"Escrito por\" \/>\n\t<meta name=\"twitter:data1\" content=\"ADEJO\" \/>\n\t<meta name=\"twitter:label2\" content=\"Tiempo de lectura\" \/>\n\t<meta name=\"twitter:data2\" content=\"1 minuto\" \/>\n<script type=\"application\/ld+json\" class=\"yoast-schema-graph\">{\"@context\":\"https:\/\/schema.org\",\"@graph\":[{\"@type\":\"WebPage\",\"@id\":\"https:\/\/www.josepoms.com\/es\/x-campus-de-ajedrez-de-primavera-adejo\/\",\"url\":\"https:\/\/www.josepoms.com\/es\/x-campus-de-ajedrez-de-primavera-adejo\/\",\"name\":\"X Campus de Ajedrez de Primavera ADEJO - Acad\u00e8mia Escacs Josep Oms\",\"isPartOf\":{\"@id\":\"https:\/\/www.josepoms.com\/es\/#website\"},\"primaryImageOfPage\":{\"@id\":\"https:\/\/www.josepoms.com\/es\/x-campus-de-ajedrez-de-primavera-adejo\/#primaryimage\"},\"image\":{\"@id\":\"https:\/\/www.josepoms.com\/es\/x-campus-de-ajedrez-de-primavera-adejo\/#primaryimage\"},\"thumbnailUrl\":\"https:\/\/www.josepoms.com\/wp-content\/uploads\/2026\/02\/Campus-Primavera-ADEJO-2026.png\",\"datePublished\":\"2026-02-20T12:00:54+00:00\",\"author\":{\"@id\":\"https:\/\/www.josepoms.com\/es\/#\/schema\/person\/bbbc564c078378c925bf35b4c3f705b7\"},\"description\":\"En ADEJO volvemos con una nueva edici\u00f3n de nuestro Campus de Primavera, un espacio educativo y l\u00fadico para los d\u00edas 30 y 31 de marzo, 1 y 2 de abril de 2026.\",\"breadcrumb\":{\"@id\":\"https:\/\/www.josepoms.com\/es\/x-campus-de-ajedrez-de-primavera-adejo\/#breadcrumb\"},\"inLanguage\":\"es\",\"potentialAction\":[{\"@type\":\"ReadAction\",\"target\":[\"https:\/\/www.josepoms.com\/es\/x-campus-de-ajedrez-de-primavera-adejo\/\"]}]},{\"@type\":\"ImageObject\",\"inLanguage\":\"es\",\"@id\":\"https:\/\/www.josepoms.com\/es\/x-campus-de-ajedrez-de-primavera-adejo\/#primaryimage\",\"url\":\"https:\/\/www.josepoms.com\/wp-content\/uploads\/2026\/02\/Campus-Primavera-ADEJO-2026.png\",\"contentUrl\":\"https:\/\/www.josepoms.com\/wp-content\/uploads\/2026\/02\/Campus-Primavera-ADEJO-2026.png\",\"width\":1587,\"height\":2245},{\"@type\":\"BreadcrumbList\",\"@id\":\"https:\/\/www.josepoms.com\/es\/x-campus-de-ajedrez-de-primavera-adejo\/#breadcrumb\",\"itemListElement\":[{\"@type\":\"ListItem\",\"position\":1,\"name\":\"Inici\",\"item\":\"https:\/\/www.josepoms.com\/es\/inici-2\/\"},{\"@type\":\"ListItem\",\"position\":2,\"name\":\"X Campus de Ajedrez de Primavera ADEJO\"}]},{\"@type\":\"WebSite\",\"@id\":\"https:\/\/www.josepoms.com\/es\/#website\",\"url\":\"https:\/\/www.josepoms.com\/es\/\",\"name\":\"Acad\u00e8mia Escacs Josep Oms\",\"description\":\"ADEJO Lleida\",\"potentialAction\":[{\"@type\":\"SearchAction\",\"target\":{\"@type\":\"EntryPoint\",\"urlTemplate\":\"https:\/\/www.josepoms.com\/es\/?s={search_term_string}\"},\"query-input\":{\"@type\":\"PropertyValueSpecification\",\"valueRequired\":true,\"valueName\":\"search_term_string\"}}],\"inLanguage\":\"es\"},{\"@type\":\"Person\",\"@id\":\"https:\/\/www.josepoms.com\/es\/#\/schema\/person\/bbbc564c078378c925bf35b4c3f705b7\",\"name\":\"ADEJO\",\"image\":{\"@type\":\"ImageObject\",\"inLanguage\":\"es\",\"@id\":\"https:\/\/www.josepoms.com\/es\/#\/schema\/person\/image\/\",\"url\":\"https:\/\/secure.gravatar.com\/avatar\/a83bed0c58d0512a8435ef44a097075ba4de979f7c9808731e5c63f66f274101?s=96&d=blank&r=g\",\"contentUrl\":\"https:\/\/secure.gravatar.com\/avatar\/a83bed0c58d0512a8435ef44a097075ba4de979f7c9808731e5c63f66f274101?s=96&d=blank&r=g\",\"caption\":\"ADEJO\"},\"url\":\"https:\/\/www.josepoms.com\/es\/author\/itaca\/\"}]}<\/script>\n<!-- \/ Yoast SEO plugin. -->","yoast_head_json":{"title":"X Campus de Ajedrez de Primavera ADEJO - Acad\u00e8mia Escacs Josep Oms","description":"En ADEJO volvemos con una nueva edici\u00f3n de nuestro Campus de Primavera, un espacio educativo y l\u00fadico para los d\u00edas 30 y 31 de marzo, 1 y 2 de abril de 2026.","robots":{"index":"index","follow":"follow","max-snippet":"max-snippet:-1","max-image-preview":"max-image-preview:large","max-video-preview":"max-video-preview:-1"},"canonical":"https:\/\/www.josepoms.com\/es\/x-campus-de-ajedrez-de-primavera-adejo\/","og_locale":"es_ES","og_type":"article","og_title":"X Campus de Ajedrez de Primavera ADEJO - Acad\u00e8mia Escacs Josep Oms","og_description":"En ADEJO volvemos con una nueva edici\u00f3n de nuestro Campus de Primavera, un espacio educativo y l\u00fadico para los d\u00edas 30 y 31 de marzo, 1 y 2 de abril de 2026.","og_url":"https:\/\/www.josepoms.com\/es\/x-campus-de-ajedrez-de-primavera-adejo\/","og_site_name":"Acad\u00e8mia Escacs Josep Oms","article_published_time":"2026-02-20T12:00:54+00:00","og_image":[{"width":728,"height":1030,"url":"https:\/\/www.josepoms.com\/wp-content\/uploads\/2026\/02\/Campus-Primavera-ADEJO-2026-728x1030.png","type":"image\/png"}],"author":"ADEJO","twitter_card":"summary_large_image","twitter_misc":{"Escrito por":"ADEJO","Tiempo de lectura":"1 minuto"},"schema":{"@context":"https:\/\/schema.org","@graph":[{"@type":"WebPage","@id":"https:\/\/www.josepoms.com\/es\/x-campus-de-ajedrez-de-primavera-adejo\/","url":"https:\/\/www.josepoms.com\/es\/x-campus-de-ajedrez-de-primavera-adejo\/","name":"X Campus de Ajedrez de Primavera ADEJO - Acad\u00e8mia Escacs Josep Oms","isPartOf":{"@id":"https:\/\/www.josepoms.com\/es\/#website"},"primaryImageOfPage":{"@id":"https:\/\/www.josepoms.com\/es\/x-campus-de-ajedrez-de-primavera-adejo\/#primaryimage"},"image":{"@id":"https:\/\/www.josepoms.com\/es\/x-campus-de-ajedrez-de-primavera-adejo\/#primaryimage"},"thumbnailUrl":"https:\/\/www.josepoms.com\/wp-content\/uploads\/2026\/02\/Campus-Primavera-ADEJO-2026.png","datePublished":"2026-02-20T12:00:54+00:00","author":{"@id":"https:\/\/www.josepoms.com\/es\/#\/schema\/person\/bbbc564c078378c925bf35b4c3f705b7"},"description":"En ADEJO volvemos con una nueva edici\u00f3n de nuestro Campus de Primavera, un espacio educativo y l\u00fadico para los d\u00edas 30 y 31 de marzo, 1 y 2 de abril de 2026.","breadcrumb":{"@id":"https:\/\/www.josepoms.com\/es\/x-campus-de-ajedrez-de-primavera-adejo\/#breadcrumb"},"inLanguage":"es","potentialAction":[{"@type":"ReadAction","target":["https:\/\/www.josepoms.com\/es\/x-campus-de-ajedrez-de-primavera-adejo\/"]}]},{"@type":"ImageObject","inLanguage":"es","@id":"https:\/\/www.josepoms.com\/es\/x-campus-de-ajedrez-de-primavera-adejo\/#primaryimage","url":"https:\/\/www.josepoms.com\/wp-content\/uploads\/2026\/02\/Campus-Primavera-ADEJO-2026.png","contentUrl":"https:\/\/www.josepoms.com\/wp-content\/uploads\/2026\/02\/Campus-Primavera-ADEJO-2026.png","width":1587,"height":2245},{"@type":"BreadcrumbList","@id":"https:\/\/www.josepoms.com\/es\/x-campus-de-ajedrez-de-primavera-adejo\/#breadcrumb","itemListElement":[{"@type":"ListItem","position":1,"name":"Inici","item":"https:\/\/www.josepoms.com\/es\/inici-2\/"},{"@type":"ListItem","position":2,"name":"X Campus de Ajedrez de Primavera ADEJO"}]},{"@type":"WebSite","@id":"https:\/\/www.josepoms.com\/es\/#website","url":"https:\/\/www.josepoms.com\/es\/","name":"Acad\u00e8mia Escacs Josep Oms","description":"ADEJO Lleida","potentialAction":[{"@type":"SearchAction","target":{"@type":"EntryPoint","urlTemplate":"https:\/\/www.josepoms.com\/es\/?s={search_term_string}"},"query-input":{"@type":"PropertyValueSpecification","valueRequired":true,"valueName":"search_term_string"}}],"inLanguage":"es"},{"@type":"Person","@id":"https:\/\/www.josepoms.com\/es\/#\/schema\/person\/bbbc564c078378c925bf35b4c3f705b7","name":"ADEJO","image":{"@type":"ImageObject","inLanguage":"es","@id":"https:\/\/www.josepoms.com\/es\/#\/schema\/person\/image\/","url":"https:\/\/secure.gravatar.com\/avatar\/a83bed0c58d0512a8435ef44a097075ba4de979f7c9808731e5c63f66f274101?s=96&d=blank&r=g","contentUrl":"https:\/\/secure.gravatar.com\/avatar\/a83bed0c58d0512a8435ef44a097075ba4de979f7c9808731e5c63f66f274101?s=96&d=blank&r=g","caption":"ADEJO"},"url":"https:\/\/www.josepoms.com\/es\/author\/itaca\/"}]}},"_links":{"self":[{"href":"https:\/\/www.josepoms.com\/es\/wp-json\/wp\/v2\/posts\/4530","targetHints":{"allow":["GET"]}}],"collection":[{"href":"https:\/\/www.josepoms.com\/es\/wp-json\/wp\/v2\/posts"}],"about":[{"href":"https:\/\/www.josepoms.com\/es\/wp-json\/wp\/v2\/types\/post"}],"author":[{"embeddable":true,"href":"https:\/\/www.josepoms.com\/es\/wp-json\/wp\/v2\/users\/2"}],"replies":[{"embeddable":true,"href":"https:\/\/www.josepoms.com\/es\/wp-json\/wp\/v2\/comments?post=4530"}],"version-history":[{"count":1,"href":"https:\/\/www.josepoms.com\/es\/wp-json\/wp\/v2\/posts\/4530\/revisions"}],"predecessor-version":[{"id":4531,"href":"https:\/\/www.josepoms.com\/es\/wp-json\/wp\/v2\/posts\/4530\/revisions\/4531"}],"wp:featuredmedia":[{"embeddable":true,"href":"https:\/\/www.josepoms.com\/es\/wp-json\/wp\/v2\/media\/4527"}],"wp:attachment":[{"href":"https:\/\/www.josepoms.com\/es\/wp-json\/wp\/v2\/media?parent=4530"}],"wp:term":[{"taxonomy":"category","embeddable":true,"href":"https:\/\/www.josepoms.com\/es\/wp-json\/wp\/v2\/categories?post=4530"},{"taxonomy":"post_tag","embeddable":true,"href":"https:\/\/www.josepoms.com\/es\/wp-json\/wp\/v2\/tags?post=4530"}],"curies":[{"name":"wp","href":"https:\/\/api.w.org\/{rel}","templated":true}]}}