 {"id":4556,"date":"2026-03-23T13:08:14","date_gmt":"2026-03-23T12:08:14","guid":{"rendered":"https:\/\/www.josepoms.com\/el-claver-a-se-pone-lider-en-casa-en-la-liga-escolar-adejo\/"},"modified":"2026-03-23T13:08:15","modified_gmt":"2026-03-23T12:08:15","slug":"el-claver-a-se-pone-lider-en-casa-en-la-liga-escolar-adejo","status":"publish","type":"post","link":"https:\/\/www.josepoms.com\/es\/el-claver-a-se-pone-lider-en-casa-en-la-liga-escolar-adejo\/","title":{"rendered":"El Claver A se pone l\u00edder en casa en la Liga Escolar ADEJO"},"content":{"rendered":"\n<ul class=\"wp-block-list\">\n<li><strong>Se impone en la jornada disputada en su centro y se sit\u00faa al frente de la clasificaci\u00f3n.<\/strong><\/li>\n<\/ul>\n\n<p>El Colegio Claver fue el protagonista de la segunda jornada de la Liga Escolar de Ajedrez ADEJO, celebrada el pasado viernes. Por un lado, porque este centro fue el escenario de esta nueva jornada, y por otro, porque su equipo A aprovech\u00f3 este hecho para situarse al frente de la clasificaci\u00f3n general. <\/p>\n\n<p>As\u00ed, el Claver A hizo un muy buen papel, pasando del 6\u00ba puesto al primero y ubic\u00e1ndose como nuevo l\u00edder con 23 puntos. Le siguen el Sant Isidre de Montoliu con 21,5 puntos y el Claver B con 19. M\u00e1s atr\u00e1s se sit\u00faan, por este orden, Francesco Tonucci (16), Espiga (15), Alba A (14.5), Pa\u00efsos Catalans (13.5), Parc de l&#8217;Aigua (19), 9 (Claver D) Sagrada Familia (7,5), Arabell (6), Frederic God\u00e0s (5,5), Parc del Saladar, Episcopal y Ramon Farrarons (5), Sant Jordi (4,5), Claver E (4), El Carme y Joc de la Bola (3), Alba B, La Creu y La Mitjana A (2), La Mitjana B 1) i Sant Jaume (0,5)..  <\/p>\n\n<p>La participaci\u00f3n fue muy buena, con un total 13 equipos de 4 jugadores de todo el territorio leridano, lo que supone una cincuentena de jugadores y jugadoras que representaban a 17 escuelas diferentes.<\/p>\n\n<p>La jornada de clausura est\u00e1 prevista para el 17 de abril en una escuela a determinar.<\/p>\n\n<figure class=\"wp-block-gallery has-nested-images columns-default is-cropped wp-block-gallery-1 is-layout-flex wp-block-gallery-is-layout-flex\">\n<figure class=\"wp-block-image size-large\"><img loading=\"lazy\" decoding=\"async\" width=\"773\" height=\"1030\" data-id=\"4551\" src=\"https:\/\/www.josepoms.com\/wp-content\/uploads\/2026\/03\/JORNADA-2_LLIGA-ADEJO-26_2-773x1030.jpeg\" alt=\"\" class=\"wp-image-4551\" srcset=\"https:\/\/www.josepoms.com\/wp-content\/uploads\/2026\/03\/JORNADA-2_LLIGA-ADEJO-26_2-773x1030.jpeg 773w, https:\/\/www.josepoms.com\/wp-content\/uploads\/2026\/03\/JORNADA-2_LLIGA-ADEJO-26_2-225x300.jpeg 225w, https:\/\/www.josepoms.com\/wp-content\/uploads\/2026\/03\/JORNADA-2_LLIGA-ADEJO-26_2-768x1024.jpeg 768w, https:\/\/www.josepoms.com\/wp-content\/uploads\/2026\/03\/JORNADA-2_LLIGA-ADEJO-26_2-1152x1536.jpeg 1152w, https:\/\/www.josepoms.com\/wp-content\/uploads\/2026\/03\/JORNADA-2_LLIGA-ADEJO-26_2-100x133.jpeg 100w, https:\/\/www.josepoms.com\/wp-content\/uploads\/2026\/03\/JORNADA-2_LLIGA-ADEJO-26_2-862x1149.jpeg 862w, https:\/\/www.josepoms.com\/wp-content\/uploads\/2026\/03\/JORNADA-2_LLIGA-ADEJO-26_2-1200x1600.jpeg 1200w, https:\/\/www.josepoms.com\/wp-content\/uploads\/2026\/03\/JORNADA-2_LLIGA-ADEJO-26_2.jpeg 1536w\" sizes=\"auto, (max-width: 773px) 100vw, 773px\" \/><\/figure>\n\n\n\n<figure class=\"wp-block-image size-large\"><img loading=\"lazy\" decoding=\"async\" width=\"773\" height=\"1030\" data-id=\"4553\" src=\"https:\/\/www.josepoms.com\/wp-content\/uploads\/2026\/03\/JORNADA-2_LLIGA-ADEJO-26_3-773x1030.jpeg\" alt=\"\" class=\"wp-image-4553\" srcset=\"https:\/\/www.josepoms.com\/wp-content\/uploads\/2026\/03\/JORNADA-2_LLIGA-ADEJO-26_3-773x1030.jpeg 773w, https:\/\/www.josepoms.com\/wp-content\/uploads\/2026\/03\/JORNADA-2_LLIGA-ADEJO-26_3-225x300.jpeg 225w, https:\/\/www.josepoms.com\/wp-content\/uploads\/2026\/03\/JORNADA-2_LLIGA-ADEJO-26_3-768x1024.jpeg 768w, https:\/\/www.josepoms.com\/wp-content\/uploads\/2026\/03\/JORNADA-2_LLIGA-ADEJO-26_3-1152x1536.jpeg 1152w, https:\/\/www.josepoms.com\/wp-content\/uploads\/2026\/03\/JORNADA-2_LLIGA-ADEJO-26_3-100x133.jpeg 100w, https:\/\/www.josepoms.com\/wp-content\/uploads\/2026\/03\/JORNADA-2_LLIGA-ADEJO-26_3-862x1149.jpeg 862w, https:\/\/www.josepoms.com\/wp-content\/uploads\/2026\/03\/JORNADA-2_LLIGA-ADEJO-26_3-1200x1600.jpeg 1200w, https:\/\/www.josepoms.com\/wp-content\/uploads\/2026\/03\/JORNADA-2_LLIGA-ADEJO-26_3.jpeg 1536w\" sizes=\"auto, (max-width: 773px) 100vw, 773px\" \/><\/figure>\n<\/figure>\n","protected":false},"excerpt":{"rendered":"<p>El Colegio Claver fue el protagonista de la segunda jornada de la Liga Escolar de Ajedrez ADEJO, celebrada el pasado viernes. Por un lado, porque este centro fue el escenario de esta nueva jornada, y por otro, porque su equipo A aprovech\u00f3 este hecho para situarse al frente de la clasificaci\u00f3n general. As\u00ed, el Claver A hizo un muy buen &#8230; <\/p>\n<div><a href=\"https:\/\/www.josepoms.com\/es\/el-claver-a-se-pone-lider-en-casa-en-la-liga-escolar-adejo\/\" class=\"more-link\">Llegir m\u00e9s<\/a><\/div>\n","protected":false},"author":2,"featured_media":4550,"comment_status":"closed","ping_status":"closed","sticky":false,"template":"","format":"standard","meta":{"footnotes":""},"categories":[115,117,116],"tags":[128,123,118,120,119],"class_list":["post-4556","post","type-post","status-publish","format-standard","has-post-thumbnail","hentry","category-notes-de-premsa-es","category-noticia-de-portada-es","category-noticies-es","tag-academia-de-ajedrez","tag-adejo-es","tag-ajedrez-es","tag-liga-adejo","tag-lleida-es"],"yoast_head":"<!-- This site is optimized with the Yoast SEO plugin v25.9 - https:\/\/yoast.com\/wordpress\/plugins\/seo\/ -->\n<title>El Claver A se pone l\u00edder en casa en la Liga Escolar ADEJO - Acad\u00e8mia Escacs Josep Oms<\/title>\n<meta name=\"description\" content=\"Se impone en la jornada disputada en su centro y se sit\u00faa al frente de la Liga Escolar ADEJO 2026\" \/>\n<meta name=\"robots\" content=\"index, follow, max-snippet:-1, max-image-preview:large, max-video-preview:-1\" \/>\n<link rel=\"canonical\" href=\"https:\/\/www.josepoms.com\/es\/el-claver-a-se-pone-lider-en-casa-en-la-liga-escolar-adejo\/\" \/>\n<meta property=\"og:locale\" content=\"es_ES\" \/>\n<meta property=\"og:type\" content=\"article\" \/>\n<meta property=\"og:title\" content=\"El Claver A se pone l\u00edder en casa en la Liga Escolar ADEJO - Acad\u00e8mia Escacs Josep Oms\" \/>\n<meta property=\"og:description\" content=\"Se impone en la jornada disputada en su centro y se sit\u00faa al frente de la Liga Escolar ADEJO 2026\" \/>\n<meta property=\"og:url\" content=\"https:\/\/www.josepoms.com\/es\/el-claver-a-se-pone-lider-en-casa-en-la-liga-escolar-adejo\/\" \/>\n<meta property=\"og:site_name\" content=\"Acad\u00e8mia Escacs Josep Oms\" \/>\n<meta property=\"article:published_time\" content=\"2026-03-23T12:08:14+00:00\" \/>\n<meta property=\"article:modified_time\" content=\"2026-03-23T12:08:15+00:00\" \/>\n<meta property=\"og:image\" content=\"https:\/\/www.josepoms.com\/wp-content\/uploads\/2026\/03\/JORNADA-2_LLIGA-ADEJO-26_1.jpeg\" \/>\n\t<meta property=\"og:image:width\" content=\"2048\" \/>\n\t<meta property=\"og:image:height\" content=\"1536\" \/>\n\t<meta property=\"og:image:type\" content=\"image\/jpeg\" \/>\n<meta name=\"author\" content=\"ADEJO\" \/>\n<meta name=\"twitter:card\" content=\"summary_large_image\" \/>\n<meta name=\"twitter:label1\" content=\"Escrito por\" \/>\n\t<meta name=\"twitter:data1\" content=\"ADEJO\" \/>\n\t<meta name=\"twitter:label2\" content=\"Tiempo de lectura\" \/>\n\t<meta name=\"twitter:data2\" content=\"1 minuto\" \/>\n<script type=\"application\/ld+json\" class=\"yoast-schema-graph\">{\"@context\":\"https:\/\/schema.org\",\"@graph\":[{\"@type\":\"WebPage\",\"@id\":\"https:\/\/www.josepoms.com\/es\/el-claver-a-se-pone-lider-en-casa-en-la-liga-escolar-adejo\/\",\"url\":\"https:\/\/www.josepoms.com\/es\/el-claver-a-se-pone-lider-en-casa-en-la-liga-escolar-adejo\/\",\"name\":\"El Claver A se pone l\u00edder en casa en la Liga Escolar ADEJO - Acad\u00e8mia Escacs Josep Oms\",\"isPartOf\":{\"@id\":\"https:\/\/www.josepoms.com\/es\/#website\"},\"primaryImageOfPage\":{\"@id\":\"https:\/\/www.josepoms.com\/es\/el-claver-a-se-pone-lider-en-casa-en-la-liga-escolar-adejo\/#primaryimage\"},\"image\":{\"@id\":\"https:\/\/www.josepoms.com\/es\/el-claver-a-se-pone-lider-en-casa-en-la-liga-escolar-adejo\/#primaryimage\"},\"thumbnailUrl\":\"https:\/\/www.josepoms.com\/wp-content\/uploads\/2026\/03\/JORNADA-2_LLIGA-ADEJO-26_1.jpeg\",\"datePublished\":\"2026-03-23T12:08:14+00:00\",\"dateModified\":\"2026-03-23T12:08:15+00:00\",\"author\":{\"@id\":\"https:\/\/www.josepoms.com\/es\/#\/schema\/person\/bbbc564c078378c925bf35b4c3f705b7\"},\"description\":\"Se impone en la jornada disputada en su centro y se sit\u00faa al frente de la Liga Escolar ADEJO 2026\",\"breadcrumb\":{\"@id\":\"https:\/\/www.josepoms.com\/es\/el-claver-a-se-pone-lider-en-casa-en-la-liga-escolar-adejo\/#breadcrumb\"},\"inLanguage\":\"es\",\"potentialAction\":[{\"@type\":\"ReadAction\",\"target\":[\"https:\/\/www.josepoms.com\/es\/el-claver-a-se-pone-lider-en-casa-en-la-liga-escolar-adejo\/\"]}]},{\"@type\":\"ImageObject\",\"inLanguage\":\"es\",\"@id\":\"https:\/\/www.josepoms.com\/es\/el-claver-a-se-pone-lider-en-casa-en-la-liga-escolar-adejo\/#primaryimage\",\"url\":\"https:\/\/www.josepoms.com\/wp-content\/uploads\/2026\/03\/JORNADA-2_LLIGA-ADEJO-26_1.jpeg\",\"contentUrl\":\"https:\/\/www.josepoms.com\/wp-content\/uploads\/2026\/03\/JORNADA-2_LLIGA-ADEJO-26_1.jpeg\",\"width\":2048,\"height\":1536},{\"@type\":\"BreadcrumbList\",\"@id\":\"https:\/\/www.josepoms.com\/es\/el-claver-a-se-pone-lider-en-casa-en-la-liga-escolar-adejo\/#breadcrumb\",\"itemListElement\":[{\"@type\":\"ListItem\",\"position\":1,\"name\":\"Inici\",\"item\":\"https:\/\/www.josepoms.com\/es\/inici-2\/\"},{\"@type\":\"ListItem\",\"position\":2,\"name\":\"El Claver A se pone l\u00edder en casa en la Liga Escolar ADEJO\"}]},{\"@type\":\"WebSite\",\"@id\":\"https:\/\/www.josepoms.com\/es\/#website\",\"url\":\"https:\/\/www.josepoms.com\/es\/\",\"name\":\"Acad\u00e8mia Escacs Josep Oms\",\"description\":\"ADEJO Lleida\",\"potentialAction\":[{\"@type\":\"SearchAction\",\"target\":{\"@type\":\"EntryPoint\",\"urlTemplate\":\"https:\/\/www.josepoms.com\/es\/?s={search_term_string}\"},\"query-input\":{\"@type\":\"PropertyValueSpecification\",\"valueRequired\":true,\"valueName\":\"search_term_string\"}}],\"inLanguage\":\"es\"},{\"@type\":\"Person\",\"@id\":\"https:\/\/www.josepoms.com\/es\/#\/schema\/person\/bbbc564c078378c925bf35b4c3f705b7\",\"name\":\"ADEJO\",\"image\":{\"@type\":\"ImageObject\",\"inLanguage\":\"es\",\"@id\":\"https:\/\/www.josepoms.com\/es\/#\/schema\/person\/image\/\",\"url\":\"https:\/\/secure.gravatar.com\/avatar\/a83bed0c58d0512a8435ef44a097075ba4de979f7c9808731e5c63f66f274101?s=96&d=blank&r=g\",\"contentUrl\":\"https:\/\/secure.gravatar.com\/avatar\/a83bed0c58d0512a8435ef44a097075ba4de979f7c9808731e5c63f66f274101?s=96&d=blank&r=g\",\"caption\":\"ADEJO\"},\"url\":\"https:\/\/www.josepoms.com\/es\/author\/itaca\/\"}]}<\/script>\n<!-- \/ Yoast SEO plugin. -->","yoast_head_json":{"title":"El Claver A se pone l\u00edder en casa en la Liga Escolar ADEJO - Acad\u00e8mia Escacs Josep Oms","description":"Se impone en la jornada disputada en su centro y se sit\u00faa al frente de la Liga Escolar ADEJO 2026","robots":{"index":"index","follow":"follow","max-snippet":"max-snippet:-1","max-image-preview":"max-image-preview:large","max-video-preview":"max-video-preview:-1"},"canonical":"https:\/\/www.josepoms.com\/es\/el-claver-a-se-pone-lider-en-casa-en-la-liga-escolar-adejo\/","og_locale":"es_ES","og_type":"article","og_title":"El Claver A se pone l\u00edder en casa en la Liga Escolar ADEJO - Acad\u00e8mia Escacs Josep Oms","og_description":"Se impone en la jornada disputada en su centro y se sit\u00faa al frente de la Liga Escolar ADEJO 2026","og_url":"https:\/\/www.josepoms.com\/es\/el-claver-a-se-pone-lider-en-casa-en-la-liga-escolar-adejo\/","og_site_name":"Acad\u00e8mia Escacs Josep Oms","article_published_time":"2026-03-23T12:08:14+00:00","article_modified_time":"2026-03-23T12:08:15+00:00","og_image":[{"width":2048,"height":1536,"url":"https:\/\/www.josepoms.com\/wp-content\/uploads\/2026\/03\/JORNADA-2_LLIGA-ADEJO-26_1.jpeg","type":"image\/jpeg"}],"author":"ADEJO","twitter_card":"summary_large_image","twitter_misc":{"Escrito por":"ADEJO","Tiempo de lectura":"1 minuto"},"schema":{"@context":"https:\/\/schema.org","@graph":[{"@type":"WebPage","@id":"https:\/\/www.josepoms.com\/es\/el-claver-a-se-pone-lider-en-casa-en-la-liga-escolar-adejo\/","url":"https:\/\/www.josepoms.com\/es\/el-claver-a-se-pone-lider-en-casa-en-la-liga-escolar-adejo\/","name":"El Claver A se pone l\u00edder en casa en la Liga Escolar ADEJO - Acad\u00e8mia Escacs Josep Oms","isPartOf":{"@id":"https:\/\/www.josepoms.com\/es\/#website"},"primaryImageOfPage":{"@id":"https:\/\/www.josepoms.com\/es\/el-claver-a-se-pone-lider-en-casa-en-la-liga-escolar-adejo\/#primaryimage"},"image":{"@id":"https:\/\/www.josepoms.com\/es\/el-claver-a-se-pone-lider-en-casa-en-la-liga-escolar-adejo\/#primaryimage"},"thumbnailUrl":"https:\/\/www.josepoms.com\/wp-content\/uploads\/2026\/03\/JORNADA-2_LLIGA-ADEJO-26_1.jpeg","datePublished":"2026-03-23T12:08:14+00:00","dateModified":"2026-03-23T12:08:15+00:00","author":{"@id":"https:\/\/www.josepoms.com\/es\/#\/schema\/person\/bbbc564c078378c925bf35b4c3f705b7"},"description":"Se impone en la jornada disputada en su centro y se sit\u00faa al frente de la Liga Escolar ADEJO 2026","breadcrumb":{"@id":"https:\/\/www.josepoms.com\/es\/el-claver-a-se-pone-lider-en-casa-en-la-liga-escolar-adejo\/#breadcrumb"},"inLanguage":"es","potentialAction":[{"@type":"ReadAction","target":["https:\/\/www.josepoms.com\/es\/el-claver-a-se-pone-lider-en-casa-en-la-liga-escolar-adejo\/"]}]},{"@type":"ImageObject","inLanguage":"es","@id":"https:\/\/www.josepoms.com\/es\/el-claver-a-se-pone-lider-en-casa-en-la-liga-escolar-adejo\/#primaryimage","url":"https:\/\/www.josepoms.com\/wp-content\/uploads\/2026\/03\/JORNADA-2_LLIGA-ADEJO-26_1.jpeg","contentUrl":"https:\/\/www.josepoms.com\/wp-content\/uploads\/2026\/03\/JORNADA-2_LLIGA-ADEJO-26_1.jpeg","width":2048,"height":1536},{"@type":"BreadcrumbList","@id":"https:\/\/www.josepoms.com\/es\/el-claver-a-se-pone-lider-en-casa-en-la-liga-escolar-adejo\/#breadcrumb","itemListElement":[{"@type":"ListItem","position":1,"name":"Inici","item":"https:\/\/www.josepoms.com\/es\/inici-2\/"},{"@type":"ListItem","position":2,"name":"El Claver A se pone l\u00edder en casa en la Liga Escolar ADEJO"}]},{"@type":"WebSite","@id":"https:\/\/www.josepoms.com\/es\/#website","url":"https:\/\/www.josepoms.com\/es\/","name":"Acad\u00e8mia Escacs Josep Oms","description":"ADEJO Lleida","potentialAction":[{"@type":"SearchAction","target":{"@type":"EntryPoint","urlTemplate":"https:\/\/www.josepoms.com\/es\/?s={search_term_string}"},"query-input":{"@type":"PropertyValueSpecification","valueRequired":true,"valueName":"search_term_string"}}],"inLanguage":"es"},{"@type":"Person","@id":"https:\/\/www.josepoms.com\/es\/#\/schema\/person\/bbbc564c078378c925bf35b4c3f705b7","name":"ADEJO","image":{"@type":"ImageObject","inLanguage":"es","@id":"https:\/\/www.josepoms.com\/es\/#\/schema\/person\/image\/","url":"https:\/\/secure.gravatar.com\/avatar\/a83bed0c58d0512a8435ef44a097075ba4de979f7c9808731e5c63f66f274101?s=96&d=blank&r=g","contentUrl":"https:\/\/secure.gravatar.com\/avatar\/a83bed0c58d0512a8435ef44a097075ba4de979f7c9808731e5c63f66f274101?s=96&d=blank&r=g","caption":"ADEJO"},"url":"https:\/\/www.josepoms.com\/es\/author\/itaca\/"}]}},"_links":{"self":[{"href":"https:\/\/www.josepoms.com\/es\/wp-json\/wp\/v2\/posts\/4556","targetHints":{"allow":["GET"]}}],"collection":[{"href":"https:\/\/www.josepoms.com\/es\/wp-json\/wp\/v2\/posts"}],"about":[{"href":"https:\/\/www.josepoms.com\/es\/wp-json\/wp\/v2\/types\/post"}],"author":[{"embeddable":true,"href":"https:\/\/www.josepoms.com\/es\/wp-json\/wp\/v2\/users\/2"}],"replies":[{"embeddable":true,"href":"https:\/\/www.josepoms.com\/es\/wp-json\/wp\/v2\/comments?post=4556"}],"version-history":[{"count":1,"href":"https:\/\/www.josepoms.com\/es\/wp-json\/wp\/v2\/posts\/4556\/revisions"}],"predecessor-version":[{"id":4557,"href":"https:\/\/www.josepoms.com\/es\/wp-json\/wp\/v2\/posts\/4556\/revisions\/4557"}],"wp:featuredmedia":[{"embeddable":true,"href":"https:\/\/www.josepoms.com\/es\/wp-json\/wp\/v2\/media\/4550"}],"wp:attachment":[{"href":"https:\/\/www.josepoms.com\/es\/wp-json\/wp\/v2\/media?parent=4556"}],"wp:term":[{"taxonomy":"category","embeddable":true,"href":"https:\/\/www.josepoms.com\/es\/wp-json\/wp\/v2\/categories?post=4556"},{"taxonomy":"post_tag","embeddable":true,"href":"https:\/\/www.josepoms.com\/es\/wp-json\/wp\/v2\/tags?post=4556"}],"curies":[{"name":"wp","href":"https:\/\/api.w.org\/{rel}","templated":true}]}}