 {"id":4558,"date":"2026-03-23T13:11:42","date_gmt":"2026-03-23T12:11:42","guid":{"rendered":"https:\/\/www.josepoms.com\/el-sant-isidre-de-montoliu-primer-lider-de-la-liga-escolar-adejo\/"},"modified":"2026-03-23T13:11:43","modified_gmt":"2026-03-23T12:11:43","slug":"el-sant-isidre-de-montoliu-primer-lider-de-la-liga-escolar-adejo","status":"publish","type":"post","link":"https:\/\/www.josepoms.com\/es\/el-sant-isidre-de-montoliu-primer-lider-de-la-liga-escolar-adejo\/","title":{"rendered":"El Sant Isidre de Montoliu, primer l\u00edder de la Liga Escolar ADEJO"},"content":{"rendered":"\n<ul class=\"wp-block-list\">\n<li><strong>Fue el mejor de los nueve equipos que se reunieron en la jornada inaugural, celebrada en la Escola La Mitjana.<\/strong><\/li>\n<\/ul>\n\n<p>La 12\u00aa edici\u00f3n de la Liga Escolar de Ajedrez ADEJO se puso en marcha el pasado viernes, 27 de febrero, con la celebraci\u00f3n de la primera jornada, que tuvo como escenario la Escola La Mitjana.<br\/>La participaci\u00f3n fue muy buena, con un total de 9 equipos de 4 miembros de todo el territorio leridano que se reunieron en la cita, totalizando una cuarentena de jugadores y jugadoras.<br\/>La clasificaci\u00f3n despu\u00e9s de esta jornada inaugural qued\u00f3 encabezada por el Sant Isidre de Montoliu con 13,5 puntos, seguido por el Pa\u00efsos Catalans, segundo con 12,5, y por Francesco Tonucci, tercero con 10 puntos. M\u00e1s atr\u00e1s se clasificaron, en este orden, Ciutat Jard\u00ed (9), Espiga y Claver (8), Parc de l&#8217;Aigua (6), Ramon Farrarons (5), Sant Jordi (4,5), Frederic God\u00e0s (2,5), Arabell (2), La Mitjana B (1), El Carme y La Mitjana A (0)<br\/>\u00c9ste fue el inicio de una serie de tres encuentros que, una vez al mes, se ir\u00e1n produciendo en diferentes escuelas de la ciudad de Lleida y cercan\u00edas, la segunda de las cuales est\u00e1 prevista para el 20 de marzo en el Col\u00b7legi Claver. <\/p>\n\n<figure class=\"wp-block-gallery has-nested-images columns-default is-cropped wp-block-gallery-1 is-layout-flex wp-block-gallery-is-layout-flex\">\n<figure class=\"wp-block-image size-large\"><img loading=\"lazy\" decoding=\"async\" width=\"773\" height=\"1030\" data-id=\"4538\" src=\"https:\/\/www.josepoms.com\/wp-content\/uploads\/2026\/03\/WhatsApp-Image-2026-03-03-at-21.43.21-1-773x1030.jpeg\" alt=\"\" class=\"wp-image-4538\" srcset=\"https:\/\/www.josepoms.com\/wp-content\/uploads\/2026\/03\/WhatsApp-Image-2026-03-03-at-21.43.21-1-773x1030.jpeg 773w, https:\/\/www.josepoms.com\/wp-content\/uploads\/2026\/03\/WhatsApp-Image-2026-03-03-at-21.43.21-1-225x300.jpeg 225w, https:\/\/www.josepoms.com\/wp-content\/uploads\/2026\/03\/WhatsApp-Image-2026-03-03-at-21.43.21-1-768x1024.jpeg 768w, https:\/\/www.josepoms.com\/wp-content\/uploads\/2026\/03\/WhatsApp-Image-2026-03-03-at-21.43.21-1-1152x1536.jpeg 1152w, https:\/\/www.josepoms.com\/wp-content\/uploads\/2026\/03\/WhatsApp-Image-2026-03-03-at-21.43.21-1-100x133.jpeg 100w, https:\/\/www.josepoms.com\/wp-content\/uploads\/2026\/03\/WhatsApp-Image-2026-03-03-at-21.43.21-1-862x1149.jpeg 862w, https:\/\/www.josepoms.com\/wp-content\/uploads\/2026\/03\/WhatsApp-Image-2026-03-03-at-21.43.21-1-1200x1600.jpeg 1200w, https:\/\/www.josepoms.com\/wp-content\/uploads\/2026\/03\/WhatsApp-Image-2026-03-03-at-21.43.21-1.jpeg 1536w\" sizes=\"auto, (max-width: 773px) 100vw, 773px\" \/><\/figure>\n\n\n\n<figure class=\"wp-block-image size-large\"><img loading=\"lazy\" decoding=\"async\" width=\"773\" height=\"1030\" data-id=\"4540\" src=\"https:\/\/www.josepoms.com\/wp-content\/uploads\/2026\/03\/WhatsApp-Image-2026-03-03-at-21.43.21-773x1030.jpeg\" alt=\"\" class=\"wp-image-4540\" srcset=\"https:\/\/www.josepoms.com\/wp-content\/uploads\/2026\/03\/WhatsApp-Image-2026-03-03-at-21.43.21-773x1030.jpeg 773w, https:\/\/www.josepoms.com\/wp-content\/uploads\/2026\/03\/WhatsApp-Image-2026-03-03-at-21.43.21-225x300.jpeg 225w, https:\/\/www.josepoms.com\/wp-content\/uploads\/2026\/03\/WhatsApp-Image-2026-03-03-at-21.43.21-768x1024.jpeg 768w, https:\/\/www.josepoms.com\/wp-content\/uploads\/2026\/03\/WhatsApp-Image-2026-03-03-at-21.43.21-1152x1536.jpeg 1152w, https:\/\/www.josepoms.com\/wp-content\/uploads\/2026\/03\/WhatsApp-Image-2026-03-03-at-21.43.21-100x133.jpeg 100w, https:\/\/www.josepoms.com\/wp-content\/uploads\/2026\/03\/WhatsApp-Image-2026-03-03-at-21.43.21-862x1149.jpeg 862w, https:\/\/www.josepoms.com\/wp-content\/uploads\/2026\/03\/WhatsApp-Image-2026-03-03-at-21.43.21-1200x1600.jpeg 1200w, https:\/\/www.josepoms.com\/wp-content\/uploads\/2026\/03\/WhatsApp-Image-2026-03-03-at-21.43.21.jpeg 1536w\" sizes=\"auto, (max-width: 773px) 100vw, 773px\" \/><\/figure>\n<\/figure>\n","protected":false},"excerpt":{"rendered":"<p>La 12\u00aa edici\u00f3n de la Liga Escolar de Ajedrez ADEJO se puso en marcha el pasado viernes, 27 de febrero, con la celebraci\u00f3n de la primera jornada, que tuvo como escenario la Escola La Mitjana.La participaci\u00f3n fue muy buena, con un total de 9 equipos de 4 miembros de todo el territorio leridano que se reunieron en la cita, totalizando &#8230; <\/p>\n<div><a href=\"https:\/\/www.josepoms.com\/es\/el-sant-isidre-de-montoliu-primer-lider-de-la-liga-escolar-adejo\/\" class=\"more-link\">Llegir m\u00e9s<\/a><\/div>\n","protected":false},"author":2,"featured_media":4543,"comment_status":"closed","ping_status":"closed","sticky":false,"template":"","format":"standard","meta":{"footnotes":""},"categories":[115,117,116],"tags":[123,118,122,120,119],"class_list":["post-4558","post","type-post","status-publish","format-standard","has-post-thumbnail","hentry","category-notes-de-premsa-es","category-noticia-de-portada-es","category-noticies-es","tag-adejo-es","tag-ajedrez-es","tag-josep-oms-es","tag-liga-adejo","tag-lleida-es"],"yoast_head":"<!-- This site is optimized with the Yoast SEO plugin v25.9 - https:\/\/yoast.com\/wordpress\/plugins\/seo\/ -->\n<title>El Sant Isidre de Montoliu, primer l\u00edder de la Liga Escolar ADEJO - Acad\u00e8mia Escacs Josep Oms<\/title>\n<meta name=\"description\" content=\"Fue el mejor de los nueve equipos que se reunieron en la jornada inaugural de la Liga ADEJO, celebrada en la Escola La Mitjana.\" \/>\n<meta name=\"robots\" content=\"index, follow, max-snippet:-1, max-image-preview:large, max-video-preview:-1\" \/>\n<link rel=\"canonical\" href=\"https:\/\/www.josepoms.com\/es\/el-sant-isidre-de-montoliu-primer-lider-de-la-liga-escolar-adejo\/\" \/>\n<meta property=\"og:locale\" content=\"es_ES\" \/>\n<meta property=\"og:type\" content=\"article\" \/>\n<meta property=\"og:title\" content=\"El Sant Isidre de Montoliu, primer l\u00edder de la Liga Escolar ADEJO - Acad\u00e8mia Escacs Josep Oms\" \/>\n<meta property=\"og:description\" content=\"Fue el mejor de los nueve equipos que se reunieron en la jornada inaugural de la Liga ADEJO, celebrada en la Escola La Mitjana.\" \/>\n<meta property=\"og:url\" content=\"https:\/\/www.josepoms.com\/es\/el-sant-isidre-de-montoliu-primer-lider-de-la-liga-escolar-adejo\/\" \/>\n<meta property=\"og:site_name\" content=\"Acad\u00e8mia Escacs Josep Oms\" \/>\n<meta property=\"article:published_time\" content=\"2026-03-23T12:11:42+00:00\" \/>\n<meta property=\"article:modified_time\" content=\"2026-03-23T12:11:43+00:00\" \/>\n<meta property=\"og:image\" content=\"https:\/\/www.josepoms.com\/wp-content\/uploads\/2026\/03\/LLIGA-ADEJO-2.jpg\" \/>\n\t<meta property=\"og:image:width\" content=\"1536\" \/>\n\t<meta property=\"og:image:height\" content=\"2048\" \/>\n\t<meta property=\"og:image:type\" content=\"image\/jpeg\" \/>\n<meta name=\"author\" content=\"ADEJO\" \/>\n<meta name=\"twitter:card\" content=\"summary_large_image\" \/>\n<meta name=\"twitter:label1\" content=\"Escrito por\" \/>\n\t<meta name=\"twitter:data1\" content=\"ADEJO\" \/>\n\t<meta name=\"twitter:label2\" content=\"Tiempo de lectura\" \/>\n\t<meta name=\"twitter:data2\" content=\"1 minuto\" \/>\n<script type=\"application\/ld+json\" class=\"yoast-schema-graph\">{\"@context\":\"https:\/\/schema.org\",\"@graph\":[{\"@type\":\"WebPage\",\"@id\":\"https:\/\/www.josepoms.com\/es\/el-sant-isidre-de-montoliu-primer-lider-de-la-liga-escolar-adejo\/\",\"url\":\"https:\/\/www.josepoms.com\/es\/el-sant-isidre-de-montoliu-primer-lider-de-la-liga-escolar-adejo\/\",\"name\":\"El Sant Isidre de Montoliu, primer l\u00edder de la Liga Escolar ADEJO - Acad\u00e8mia Escacs Josep Oms\",\"isPartOf\":{\"@id\":\"https:\/\/www.josepoms.com\/es\/#website\"},\"primaryImageOfPage\":{\"@id\":\"https:\/\/www.josepoms.com\/es\/el-sant-isidre-de-montoliu-primer-lider-de-la-liga-escolar-adejo\/#primaryimage\"},\"image\":{\"@id\":\"https:\/\/www.josepoms.com\/es\/el-sant-isidre-de-montoliu-primer-lider-de-la-liga-escolar-adejo\/#primaryimage\"},\"thumbnailUrl\":\"https:\/\/www.josepoms.com\/wp-content\/uploads\/2026\/03\/LLIGA-ADEJO-2.jpg\",\"datePublished\":\"2026-03-23T12:11:42+00:00\",\"dateModified\":\"2026-03-23T12:11:43+00:00\",\"author\":{\"@id\":\"https:\/\/www.josepoms.com\/es\/#\/schema\/person\/bbbc564c078378c925bf35b4c3f705b7\"},\"description\":\"Fue el mejor de los nueve equipos que se reunieron en la jornada inaugural de la Liga ADEJO, celebrada en la Escola La Mitjana.\",\"breadcrumb\":{\"@id\":\"https:\/\/www.josepoms.com\/es\/el-sant-isidre-de-montoliu-primer-lider-de-la-liga-escolar-adejo\/#breadcrumb\"},\"inLanguage\":\"es\",\"potentialAction\":[{\"@type\":\"ReadAction\",\"target\":[\"https:\/\/www.josepoms.com\/es\/el-sant-isidre-de-montoliu-primer-lider-de-la-liga-escolar-adejo\/\"]}]},{\"@type\":\"ImageObject\",\"inLanguage\":\"es\",\"@id\":\"https:\/\/www.josepoms.com\/es\/el-sant-isidre-de-montoliu-primer-lider-de-la-liga-escolar-adejo\/#primaryimage\",\"url\":\"https:\/\/www.josepoms.com\/wp-content\/uploads\/2026\/03\/LLIGA-ADEJO-2.jpg\",\"contentUrl\":\"https:\/\/www.josepoms.com\/wp-content\/uploads\/2026\/03\/LLIGA-ADEJO-2.jpg\",\"width\":1536,\"height\":2048},{\"@type\":\"BreadcrumbList\",\"@id\":\"https:\/\/www.josepoms.com\/es\/el-sant-isidre-de-montoliu-primer-lider-de-la-liga-escolar-adejo\/#breadcrumb\",\"itemListElement\":[{\"@type\":\"ListItem\",\"position\":1,\"name\":\"Inici\",\"item\":\"https:\/\/www.josepoms.com\/es\/inici-2\/\"},{\"@type\":\"ListItem\",\"position\":2,\"name\":\"El Sant Isidre de Montoliu, primer l\u00edder de la Liga Escolar ADEJO\"}]},{\"@type\":\"WebSite\",\"@id\":\"https:\/\/www.josepoms.com\/es\/#website\",\"url\":\"https:\/\/www.josepoms.com\/es\/\",\"name\":\"Acad\u00e8mia Escacs Josep Oms\",\"description\":\"ADEJO Lleida\",\"potentialAction\":[{\"@type\":\"SearchAction\",\"target\":{\"@type\":\"EntryPoint\",\"urlTemplate\":\"https:\/\/www.josepoms.com\/es\/?s={search_term_string}\"},\"query-input\":{\"@type\":\"PropertyValueSpecification\",\"valueRequired\":true,\"valueName\":\"search_term_string\"}}],\"inLanguage\":\"es\"},{\"@type\":\"Person\",\"@id\":\"https:\/\/www.josepoms.com\/es\/#\/schema\/person\/bbbc564c078378c925bf35b4c3f705b7\",\"name\":\"ADEJO\",\"image\":{\"@type\":\"ImageObject\",\"inLanguage\":\"es\",\"@id\":\"https:\/\/www.josepoms.com\/es\/#\/schema\/person\/image\/\",\"url\":\"https:\/\/secure.gravatar.com\/avatar\/a83bed0c58d0512a8435ef44a097075ba4de979f7c9808731e5c63f66f274101?s=96&d=blank&r=g\",\"contentUrl\":\"https:\/\/secure.gravatar.com\/avatar\/a83bed0c58d0512a8435ef44a097075ba4de979f7c9808731e5c63f66f274101?s=96&d=blank&r=g\",\"caption\":\"ADEJO\"},\"url\":\"https:\/\/www.josepoms.com\/es\/author\/itaca\/\"}]}<\/script>\n<!-- \/ Yoast SEO plugin. -->","yoast_head_json":{"title":"El Sant Isidre de Montoliu, primer l\u00edder de la Liga Escolar ADEJO - Acad\u00e8mia Escacs Josep Oms","description":"Fue el mejor de los nueve equipos que se reunieron en la jornada inaugural de la Liga ADEJO, celebrada en la Escola La Mitjana.","robots":{"index":"index","follow":"follow","max-snippet":"max-snippet:-1","max-image-preview":"max-image-preview:large","max-video-preview":"max-video-preview:-1"},"canonical":"https:\/\/www.josepoms.com\/es\/el-sant-isidre-de-montoliu-primer-lider-de-la-liga-escolar-adejo\/","og_locale":"es_ES","og_type":"article","og_title":"El Sant Isidre de Montoliu, primer l\u00edder de la Liga Escolar ADEJO - Acad\u00e8mia Escacs Josep Oms","og_description":"Fue el mejor de los nueve equipos que se reunieron en la jornada inaugural de la Liga ADEJO, celebrada en la Escola La Mitjana.","og_url":"https:\/\/www.josepoms.com\/es\/el-sant-isidre-de-montoliu-primer-lider-de-la-liga-escolar-adejo\/","og_site_name":"Acad\u00e8mia Escacs Josep Oms","article_published_time":"2026-03-23T12:11:42+00:00","article_modified_time":"2026-03-23T12:11:43+00:00","og_image":[{"width":1536,"height":2048,"url":"https:\/\/www.josepoms.com\/wp-content\/uploads\/2026\/03\/LLIGA-ADEJO-2.jpg","type":"image\/jpeg"}],"author":"ADEJO","twitter_card":"summary_large_image","twitter_misc":{"Escrito por":"ADEJO","Tiempo de lectura":"1 minuto"},"schema":{"@context":"https:\/\/schema.org","@graph":[{"@type":"WebPage","@id":"https:\/\/www.josepoms.com\/es\/el-sant-isidre-de-montoliu-primer-lider-de-la-liga-escolar-adejo\/","url":"https:\/\/www.josepoms.com\/es\/el-sant-isidre-de-montoliu-primer-lider-de-la-liga-escolar-adejo\/","name":"El Sant Isidre de Montoliu, primer l\u00edder de la Liga Escolar ADEJO - Acad\u00e8mia Escacs Josep Oms","isPartOf":{"@id":"https:\/\/www.josepoms.com\/es\/#website"},"primaryImageOfPage":{"@id":"https:\/\/www.josepoms.com\/es\/el-sant-isidre-de-montoliu-primer-lider-de-la-liga-escolar-adejo\/#primaryimage"},"image":{"@id":"https:\/\/www.josepoms.com\/es\/el-sant-isidre-de-montoliu-primer-lider-de-la-liga-escolar-adejo\/#primaryimage"},"thumbnailUrl":"https:\/\/www.josepoms.com\/wp-content\/uploads\/2026\/03\/LLIGA-ADEJO-2.jpg","datePublished":"2026-03-23T12:11:42+00:00","dateModified":"2026-03-23T12:11:43+00:00","author":{"@id":"https:\/\/www.josepoms.com\/es\/#\/schema\/person\/bbbc564c078378c925bf35b4c3f705b7"},"description":"Fue el mejor de los nueve equipos que se reunieron en la jornada inaugural de la Liga ADEJO, celebrada en la Escola La Mitjana.","breadcrumb":{"@id":"https:\/\/www.josepoms.com\/es\/el-sant-isidre-de-montoliu-primer-lider-de-la-liga-escolar-adejo\/#breadcrumb"},"inLanguage":"es","potentialAction":[{"@type":"ReadAction","target":["https:\/\/www.josepoms.com\/es\/el-sant-isidre-de-montoliu-primer-lider-de-la-liga-escolar-adejo\/"]}]},{"@type":"ImageObject","inLanguage":"es","@id":"https:\/\/www.josepoms.com\/es\/el-sant-isidre-de-montoliu-primer-lider-de-la-liga-escolar-adejo\/#primaryimage","url":"https:\/\/www.josepoms.com\/wp-content\/uploads\/2026\/03\/LLIGA-ADEJO-2.jpg","contentUrl":"https:\/\/www.josepoms.com\/wp-content\/uploads\/2026\/03\/LLIGA-ADEJO-2.jpg","width":1536,"height":2048},{"@type":"BreadcrumbList","@id":"https:\/\/www.josepoms.com\/es\/el-sant-isidre-de-montoliu-primer-lider-de-la-liga-escolar-adejo\/#breadcrumb","itemListElement":[{"@type":"ListItem","position":1,"name":"Inici","item":"https:\/\/www.josepoms.com\/es\/inici-2\/"},{"@type":"ListItem","position":2,"name":"El Sant Isidre de Montoliu, primer l\u00edder de la Liga Escolar ADEJO"}]},{"@type":"WebSite","@id":"https:\/\/www.josepoms.com\/es\/#website","url":"https:\/\/www.josepoms.com\/es\/","name":"Acad\u00e8mia Escacs Josep Oms","description":"ADEJO Lleida","potentialAction":[{"@type":"SearchAction","target":{"@type":"EntryPoint","urlTemplate":"https:\/\/www.josepoms.com\/es\/?s={search_term_string}"},"query-input":{"@type":"PropertyValueSpecification","valueRequired":true,"valueName":"search_term_string"}}],"inLanguage":"es"},{"@type":"Person","@id":"https:\/\/www.josepoms.com\/es\/#\/schema\/person\/bbbc564c078378c925bf35b4c3f705b7","name":"ADEJO","image":{"@type":"ImageObject","inLanguage":"es","@id":"https:\/\/www.josepoms.com\/es\/#\/schema\/person\/image\/","url":"https:\/\/secure.gravatar.com\/avatar\/a83bed0c58d0512a8435ef44a097075ba4de979f7c9808731e5c63f66f274101?s=96&d=blank&r=g","contentUrl":"https:\/\/secure.gravatar.com\/avatar\/a83bed0c58d0512a8435ef44a097075ba4de979f7c9808731e5c63f66f274101?s=96&d=blank&r=g","caption":"ADEJO"},"url":"https:\/\/www.josepoms.com\/es\/author\/itaca\/"}]}},"_links":{"self":[{"href":"https:\/\/www.josepoms.com\/es\/wp-json\/wp\/v2\/posts\/4558","targetHints":{"allow":["GET"]}}],"collection":[{"href":"https:\/\/www.josepoms.com\/es\/wp-json\/wp\/v2\/posts"}],"about":[{"href":"https:\/\/www.josepoms.com\/es\/wp-json\/wp\/v2\/types\/post"}],"author":[{"embeddable":true,"href":"https:\/\/www.josepoms.com\/es\/wp-json\/wp\/v2\/users\/2"}],"replies":[{"embeddable":true,"href":"https:\/\/www.josepoms.com\/es\/wp-json\/wp\/v2\/comments?post=4558"}],"version-history":[{"count":1,"href":"https:\/\/www.josepoms.com\/es\/wp-json\/wp\/v2\/posts\/4558\/revisions"}],"predecessor-version":[{"id":4559,"href":"https:\/\/www.josepoms.com\/es\/wp-json\/wp\/v2\/posts\/4558\/revisions\/4559"}],"wp:featuredmedia":[{"embeddable":true,"href":"https:\/\/www.josepoms.com\/es\/wp-json\/wp\/v2\/media\/4543"}],"wp:attachment":[{"href":"https:\/\/www.josepoms.com\/es\/wp-json\/wp\/v2\/media?parent=4558"}],"wp:term":[{"taxonomy":"category","embeddable":true,"href":"https:\/\/www.josepoms.com\/es\/wp-json\/wp\/v2\/categories?post=4558"},{"taxonomy":"post_tag","embeddable":true,"href":"https:\/\/www.josepoms.com\/es\/wp-json\/wp\/v2\/tags?post=4558"}],"curies":[{"name":"wp","href":"https:\/\/api.w.org\/{rel}","templated":true}]}}